{"id":764,"date":"2019-12-20T12:03:13","date_gmt":"2019-12-20T12:03:13","guid":{"rendered":"http:\/\/europeanmemories.net\/magazine\/?p=764"},"modified":"2019-12-20T12:24:24","modified_gmt":"2019-12-20T12:24:24","slug":"the-transmission-of-memory-in-the-struggle-for-justice-the-silence-of-the-others","status":"publish","type":"post","link":"https:\/\/europeanmemories.net\/magazine\/the-transmission-of-memory-in-the-struggle-for-justice-the-silence-of-the-others\/","title":{"rendered":"The transmission of memory in the struggle for justice: The silence of the others"},"content":{"rendered":"\n<h3 class=\"wp-block-heading\">Cinema<\/h3>\n\n\n\n<p><strong>David Gonz\u00e1lez<\/strong>, Historian, project manager at the EUROM<\/p>\n\n\n\n<p><em>Cover picture: El silencio de otros (2018). Directed by Almudena Carracedo and Robert Bahar. Produced by El Deseo. 95\u2019 | \u00a9El Deseo<\/em> <\/p>\n\n\n\n<p>The documentary <em>The Silence<\/em> of <em>Others (2018)<\/em> describes the personal and collective struggle in Spanish society to denounce and prosecute the crimes of the Franco dictatorship. Directed by Almudena Carracedo and Robert Bahar, and produced by, among others, the Almod\u00f3var brothers, <em>El Silencio de Otro<\/em> has been presented at numerous international film festivals and has won several prizes, among them the Spanish Academy\u2019s Goya award for best documentary in 2019.<\/p>\n\n\n\n<iframe loading=\"lazy\" src=\"https:\/\/www.youtube.com\/embed\/5j9FcsmL6MI\" allow=\"accelerometer; autoplay; encrypted-media; gyroscope; picture-in-picture\" allowfullscreen=\"\" width=\"560\" height=\"315\" frameborder=\"0\"><\/iframe>\n\n\n\n<p>The film tells the story of the <em>querella argentina<\/em>, a lawsuit brought in the courts of Argentina against the crimes of the Franco regime. The film overlays the two processes: the recording and structuring of the documentary, and the legal process itself. In both cases, the protagonists give real-life testimony of the events. The suit was presented in an Argentine criminal court in April 2010, by Judge Mar\u00eda Servini, based on the principles of universal justice and the imprescriptible nature of crimes against humanity. In Spain, Judge Baltasar Garz\u00f3n had earlier opened an inquiry into the crimes of the dictatorship, but was forced to abandon the investigation after being denounced by several ultra-right organizations for breach of trust. Although he was later acquitted, his removal signalled the end of the case in Spain and the termination of any attempt by the Spanish courts to judge the crimes of the Franco dictatorship. So the decision was taken to appeal to international justice: initially, the <em>querella argentina<\/em> had only two plaintiffs, but they were soon joined by several hundred more thanks to the social mobilization and media campaigns launched in Spain. This mobilization led to the creation in 2013 of CEAQUA, a nationwide group coordinating support for the <em>querella argentina<\/em>.<\/p>\n\n\n\n<p><em>El Silencio de Otros<\/em> shows the complexities of an even broader process in which both the film and thelawsuitare inscribed: the process known in Spain as the recovery of historical memory. The starting point of this process was the first scientific exhumation of a mass grave from the Franco period, carried out in 2000 in Priaranza del Bierzo in Le\u00f3n. Over the years, the historical memory movement gradually acquired the scope and the size necessary for the pursuit of its objective: to seek out the truth and to bring justice and redress for the victims of Francoism.<\/p>\n\n\n\n<p>This background is important in order to understand why a trial became the subject of a documentary. The first archive images that appear at the beginning of the film evoke the events that make up the &#8220;historical memory&#8221; in Spain and highlight the existence of a <em>pacto de olvido<\/em> (literally, a &#8220;pact of forgetting&#8221;) of everything that happened before the legislation passed in 1977. Popularly known as the <em>Amnesty Act<\/em>, it was well received by the political prisoners of the dictatorship, although it also provided protection for the people responsible for state crimes under Francoism. This became known as the Spanish <em>model of impunity<\/em>: the documentary shows the Basque politician Xabier Arzalluz using this term in the Spanish parliament to describe the legislation.<\/p>\n\n\n\n<p>Although the story is told by several people, the film\u2019s real protagonists are all of Franco\u2019s victims: relatives of people murdered by the regime, who are now fighting to give them a proper burial; the women whose babies were stolen at birth; and the people who were tortured at police headquarters. It was the victims\u2019 families who planted the seed of the movement for reparation, in which the symbolism of a dignified burial would bring the peace that many relatives sought through this process. Mar\u00eda Mart\u00edn and Ascensi\u00f3n Mendieta, two old women, represent the tireless struggle of all those who work to honour the memory of their relatives killed by Franco. Mar\u00eda has fought all her life for the right to move her mother&#8217;s remains from a roadside ditch to the town cemetery, a dream that sadly she had not seen fulfilled by the time of her death in 2014. She gives chilling testimony of the response of the local Francoist authorities to her request to be allowed to bury her mother in the cemetery: <em>\u201cyou\u2019ll take her to the cemetery when the frogs grow hair so stop bothering us \u2013 you don&#8217;t want us to do to you what we did to her\u201d.<\/em> Ascensi\u00f3n, who died in September 2019, was able to give her father Timoteo a decent burial in 2017.&nbsp;<\/p>\n\n\n\n<p>The number of babies stolen by the dictatorship is estimated at about 30,000. Justified in the early years of the regime on pseudo-scientific grounds, newborns of women considered unfit to raise them were given to families with links to the regime, a practice that persisted until well into the post-dictatorship period. Mar\u00eda Mercedes Bueno gave birth to her baby on 24 December, 1981 at the Municipal Hospital of La Linea, province of C\u00e1diz. Sedated and unconscious during the delivery, she was told upon waking that the baby had died and that the hospital would take care of everything. Twenty-eight years later, reading about several cases of stolen babies in the press, it dawned on her that her baby might be among them. The practice of stealing the babies of left-wing mothers had been instigated at the beginning of the dictatorship by Doctor Vallejo N\u00e1jera, a follower of Nazi eugenic theory, intent on eliminating an alleged &#8220;red gene&#8221; from Spanish society. Over the decades, the stealing of babies became an issue of \u201cmorals\u201d more than an ideological one. It lasted well into the 1980s, a symptom of a corrupt plot whose eradication would have required a high-level purge \u2013 something that never happened during the transition.&nbsp;<\/p>\n\n\n\n<p>The people tortured by the regime&#8217;s security forces have been able to provide firsthand accounts of their experiences. Some of their tormentors are still alive, and the testimony of the victims means that the names of torturers such as Jes\u00fas Mu\u00f1ecas Aguilar and Antonio Gonz\u00e1lez Pacheco, alias &#8220;<a rel=\"noreferrer noopener\" aria-label=\"Billy the Kid (opens in a new tab)\" href=\"https:\/\/www.elsaltodiario.com\/crimenes-franquismo\/la-sangrienta-carrera-de-billy-el-nino-el-torturador-condecorado-del-regimen-franquista\" target=\"_blank\">Billy the <\/a><a href=\"https:\/\/www.elsaltodiario.com\/crimenes-franquismo\/la-sangrienta-carrera-de-billy-el-nino-el-torturador-condecorado-del-regimen-franquista\" target=\"_blank\" rel=\"noreferrer noopener\" aria-label=\"Billy the Kid (opens in a new tab)\">k<\/a><a rel=\"noreferrer noopener\" aria-label=\"Billy the Kid (opens in a new tab)\" href=\"https:\/\/www.elsaltodiario.com\/crimenes-franquismo\/la-sangrienta-carrera-de-billy-el-nino-el-torturador-condecorado-del-regimen-franquista\" target=\"_blank\">id<\/a>&#8220;, have come to light. Among the torture victims who feature in the documentary is Jos\u00e9 Mar\u00eda &#8220;Chato&#8221; Galante, whose narrative brings home the reality of state violence and abuse of power so typical of the Franco dictatorship. Galante is also one of the main instigators of the lawsuit.<\/p>\n\n\n\n<figure class=\"wp-block-image size-large\"><img loading=\"lazy\" decoding=\"async\" width=\"717\" height=\"1024\" src=\"http:\/\/europeanmemories.net\/magazine\/wp-content\/uploads\/sites\/9\/2019\/12\/El_silencio_de_otros-554923871-large-717x1024.jpg\" alt=\"\" class=\"wp-image-766\" srcset=\"https:\/\/europeanmemories.net\/magazine\/wp-content\/uploads\/sites\/9\/2019\/12\/El_silencio_de_otros-554923871-large-717x1024.jpg 717w, https:\/\/europeanmemories.net\/magazine\/wp-content\/uploads\/sites\/9\/2019\/12\/El_silencio_de_otros-554923871-large-210x300.jpg 210w, https:\/\/europeanmemories.net\/magazine\/wp-content\/uploads\/sites\/9\/2019\/12\/El_silencio_de_otros-554923871-large-768x1097.jpg 768w, https:\/\/europeanmemories.net\/magazine\/wp-content\/uploads\/sites\/9\/2019\/12\/El_silencio_de_otros-554923871-large.jpg 840w\" sizes=\"auto, (max-width: 717px) 100vw, 717px\" \/><\/figure>\n\n\n\n<p>Whatever the verdicts passed on the defendants in the lawsuit, <em>The silence of others <\/em>draws attention, on a social level, to an impunity that is still enjoyed by many people close to the Franco regime. Memory, so often projected in a kaleidoscopic way, serves in this film as a bearer of justice. Its infinite nuances are manifested in several moments: for example, the discussion between Luis and M\u00aa \u00c1ngeles, the children of Mar\u00eda Mart\u00edn, about the point of delving into the past, or the interaction between the campaigns in Spain and Argentina for the recovery of stolen babies, highlight the complexity of the processes of historical memory and their importance as an instrument for redress. The story of the film is accompanied by impressive photography, as well as several archive images that complement the narrative. Particularly powerful are the images in the trailer, where we see Mar\u00eda Mart\u00edn sitting at the foot of a ditch where the bodies of the unknown victims were deposited, or the panoramic view of the <em>Mirador de la Memoria<\/em> in the town of El Torno in C\u00e1ceres. In this beautiful enclave in the Jerte Valley, since 2008 a sculptural ensemble has paid homage to the victims of Francoism. The monument was made by Francisco Cedenilla, an artist whose grandfather was shot in October 1936.&nbsp;<\/p>\n\n\n\n<p><em>The silence of others<\/em> is, in the strict sense of the word, an extraordinary documentary. The quality of the production, the participation of many historical memory associations, and the single-minded dedication of a process that matured over the six years of recording mark the film as a unique achievement. Perhaps most significantly, it is able to reach new audiences which had never seen a depiction of historical memory in Spain. Its airing on state public television in prime time and the high audience figures bear witness to the interest it aroused.&nbsp;<\/p>\n\n\n\n<p>In the face of this media impact, it is not surprising that some critical voices have been raised. It has been said that certain specific data are not presented accurately in the documentary, that the cases of the different victims are not sufficiently differentiated, or that the narrative is excessively fictionalized. Perhaps the term \u201cdocumentary\u201d is not the most appropriate to name a film whose protagonists, despite being real people experiencing real situations, appear in a story where it seems that the temporary persona prevails over the person. Obviously, <em>The silence of others<\/em> is a subjective reading of the events. Perhaps the important thing here is to distinguish between a possible caricaturization and a legitimate use of fiction in the interests of creating a more attractive audiovisual language able to achieve the desired aim: that is, to give a voice to Franco\u2019s victims in the laborious and sometimes thankless task of fighting for truth, justice and reparation in a country whose transition to democracy was not accompanied by a clear break with the dictatorial regime that preceded it. Perhaps it is a case of the classic dichotomy between the scientific and the non-specialist, and in this situation the only assessment available to us is a subjective one in which each individual can decide what is more important \u2013 whether to be radically faithful to the&nbsp; truth or, whether, without distorting it, to customize it in order to increase its impact. Undoubtedly, there will always be detractors of one or the other option.<\/p>\n\n\n\n<p>The fact that the film prioritizes the sentimental over the documentary is corroborated by the directors themselves. In the many interviews granted by Almudena Carracedo and Robert Bahar, they talk of their main objective: to place the focus on the human element, on small personal stories rather than on large-scale quantitative data. This vision is potentially accurate as long as it manages to reach the public, arousing a personal empathy that transcends abstract discourses and, thus, perhaps, penetrates the collective account.&nbsp;<\/p>\n\n\n\n<p>Can an individual reaction of empathy and solidarity with the victims of the documentary arouse interest in a specific social movement such as the campaign for historical memory? Is the \u201csentimental\u201d vision the directors bestow on the documentary justifiable? The answers to these questions depend on how we respond to their strategy. We return once more to the field of subjectivity. In my humble and subjective opinion, it is impossible not to empathize with Mar\u00eda Mart\u00edn and her reflections on human injustice, just as it is impossible not to be moved by the sincerity of Ascensi\u00f3n Mendieta. The connection that we feel with these old women in their struggle should encourage us to watch the film without wondering about other issues of a more technical or narrative nature. Through the perseverance and dignity of Mar\u00eda Mart\u00edn and Ascensi\u00f3n Mendieta, the historical memory movement can only be reinforced. And this is memory in its purest form \u2013 not data, not clinically exact accounts, but the transmission of a past history for which closure will only be found when amends are effectively made. And as part of a collective process, the attainment of this goal inevitably enhances the value of memory as a means for ensuring that justice is done. All this, always, from the present and into the future.<\/p>\n","protected":false},"excerpt":{"rendered":"<p>Cinema David Gonz\u00e1lez, Historian, project manager at the EUROM Cover picture: El silencio de otros (2018). Directed by Almudena Carracedo and Robert Bahar. Produced by El Deseo. 95\u2019 | \u00a9El Deseo The documentary The Silence of Others (2018) describes the personal and collective struggle in Spanish society to denounce and prosecute the crimes of the &#8230;<\/p>\n","protected":false},"author":4,"featured_media":765,"comment_status":"open","ping_status":"open","sticky":false,"template":"","format":"standard","meta":{"_monsterinsights_skip_tracking":false,"_monsterinsights_sitenote_active":false,"_monsterinsights_sitenote_note":"","_monsterinsights_sitenote_category":0,"_uf_show_specific_survey":0,"_uf_disable_surveys":false,"footnotes":""},"categories":[6],"tags":[218,166,165,154,168,219,164],"class_list":["post-764","post","type-post","status-publish","format-standard","has-post-thumbnail","hentry","category-eurom-review","tag-almudena-carracedo","tag-billy-the-kid","tag-el-silencio-de-otros","tag-issue3","tag-querella-argentina","tag-robert-bahar","tag-the-silence-of-others"],"aioseo_notices":[],"_links":{"self":[{"href":"https:\/\/europeanmemories.net\/magazine\/wp-json\/wp\/v2\/posts\/764","targetHints":{"allow":["GET"]}}],"collection":[{"href":"https:\/\/europeanmemories.net\/magazine\/wp-json\/wp\/v2\/posts"}],"about":[{"href":"https:\/\/europeanmemories.net\/magazine\/wp-json\/wp\/v2\/types\/post"}],"author":[{"embeddable":true,"href":"https:\/\/europeanmemories.net\/magazine\/wp-json\/wp\/v2\/users\/4"}],"replies":[{"embeddable":true,"href":"https:\/\/europeanmemories.net\/magazine\/wp-json\/wp\/v2\/comments?post=764"}],"version-history":[{"count":4,"href":"https:\/\/europeanmemories.net\/magazine\/wp-json\/wp\/v2\/posts\/764\/revisions"}],"predecessor-version":[{"id":828,"href":"https:\/\/europeanmemories.net\/magazine\/wp-json\/wp\/v2\/posts\/764\/revisions\/828"}],"wp:featuredmedia":[{"embeddable":true,"href":"https:\/\/europeanmemories.net\/magazine\/wp-json\/wp\/v2\/media\/765"}],"wp:attachment":[{"href":"https:\/\/europeanmemories.net\/magazine\/wp-json\/wp\/v2\/media?parent=764"}],"wp:term":[{"taxonomy":"category","embeddable":true,"href":"https:\/\/europeanmemories.net\/magazine\/wp-json\/wp\/v2\/categories?post=764"},{"taxonomy":"post_tag","embeddable":true,"href":"https:\/\/europeanmemories.net\/magazine\/wp-json\/wp\/v2\/tags?post=764"}],"curies":[{"name":"wp","href":"https:\/\/api.w.org\/{rel}","templated":true}]}}