{"id":730,"date":"2019-12-20T11:11:00","date_gmt":"2019-12-20T11:11:00","guid":{"rendered":"http:\/\/europeanmemories.net\/magazine\/?p=730"},"modified":"2019-12-20T15:14:28","modified_gmt":"2019-12-20T15:14:28","slug":"colonial-memories-and-national-memories-an-uneasy-encounter-between-africa-and-europe","status":"publish","type":"post","link":"https:\/\/europeanmemories.net\/magazine\/colonial-memories-and-national-memories-an-uneasy-encounter-between-africa-and-europe\/","title":{"rendered":"Colonial Memories and National Memories. An Uneasy Encounter between Africa and Europe. By C. Mu\u00f1oz"},"content":{"rendered":"\n<p><a rel=\"noreferrer noopener\" aria-label=\"Celeste Mu\u00f1oz Mart\u00ednez (opens in a new tab)\" href=\"https:\/\/www.ub.edu\/portal\/web\/dp-antropologia\/celeste-munoz-martinez\" target=\"_blank\">C<\/a><strong><a rel=\"noreferrer noopener\" aria-label=\"Celeste Mu\u00f1oz Mart\u00ednez (opens in a new tab)\" href=\"https:\/\/www.ub.edu\/portal\/web\/dp-antropologia\/celeste-munoz-martinez\" target=\"_blank\">eleste Mu\u00f1oz Mart\u00ednez<\/a>,<\/strong> Lecturer in the History of Africa, University of Barcelona <\/p>\n\n\n\n<p><em>Cover picture: View of the room Rituals and Ceremonies, <a href=\"https:\/\/www.africamuseum.be\/fr\">Mus\u00e9e royal de l\u2019Afrique centrale <\/a>| \u00a9 MRAC, Tervuren, photo Jo Van de Vijver<\/em><\/p>\n\n\n\n<p>In 2006, then British Prime Minister Tony Blair caught the world by surprise when he issued an unprecedented apology for Britain\u2019s part in the Atlantic slave trade, which he characterised as a \u201ccrime against humanity\u201d [1]. This conceptual category, according to William Schabas (2012: 51-53), developed precisely in the context of the abolition of slavery and early colonialism, and even though it is now accepted by the United Nations to describe the slave trade and apartheid, the nations involved have rarely voiced a mea culpa. A year later, in 2007, the city of Liverpool, which had been the epicentre of the Crown\u2019s slave trade in the eighteenth century, opened the International Slavery Museum to commemorate the bicentenary of the Act for the Abolition of the Slave Trade (1807) as a way to acknowledge this uncomfortable past. Step by step, Britain moved forward from words to deeds. These actions, however, were not nearly enough for many African nations and especially for Afro-descendant communities, who have called not only for economic reparations for the families of victims of racism and structural socioeconomic exclusion, but also for more forceful condemnation [2].<sup> <\/sup>In this respect, it is legitimate to ask: if British slave-owners received compensation after abolition in the form of a multi-million pound loan that was not paid off until 2015, paradoxically with taxes collected from many of the descendants of the slave trade, then why not pay reparations to the victims today?&nbsp;<\/p>\n\n\n\n<p>In these processes, the Afro community has certainly played a key role and is now a political subject in the construction of \u201ctransnational memories\u201d (Assmann, 2014), which also call for a major review of the colonial past in the nineteenth and twentieth centuries. One aspect made visible by the controversial remarks made by a later British Prime Minister, David Cameron, when he called Nelson Mandela a \u201chero\u201d on the day of his death, is the omission of the Tory Party\u2019s backing for the apartheid regime and for the South African leader\u2019s labelling as a \u201cterrorist\u201d under Margaret Thatcher. A petition demanding a public apology was then signed by thousands of people, headed by decolonial activists intent on showing this nationally uncomfortable past to Europe. The decolonial trend of the twenty-first century, however, is not confined to British soil: it is a global movement that is becoming increasingly more vocal (Reyes, 2016).<\/p>\n\n\n\n<figure class=\"wp-block-image size-large\"><img loading=\"lazy\" decoding=\"async\" width=\"804\" height=\"451\" src=\"http:\/\/europeanmemories.net\/magazine\/wp-content\/uploads\/sites\/9\/2019\/12\/2-Plaque-on-statue-of-Edward-Colston-e1503574384808.jpg\" alt=\"\" class=\"wp-image-731\" srcset=\"https:\/\/europeanmemories.net\/magazine\/wp-content\/uploads\/sites\/9\/2019\/12\/2-Plaque-on-statue-of-Edward-Colston-e1503574384808.jpg 804w, https:\/\/europeanmemories.net\/magazine\/wp-content\/uploads\/sites\/9\/2019\/12\/2-Plaque-on-statue-of-Edward-Colston-e1503574384808-300x168.jpg 300w, https:\/\/europeanmemories.net\/magazine\/wp-content\/uploads\/sites\/9\/2019\/12\/2-Plaque-on-statue-of-Edward-Colston-e1503574384808-768x431.jpg 768w\" sizes=\"auto, (max-width: 804px) 100vw, 804px\" \/><figcaption>The city of Bristol, which still has a controversial statue in honour of the slave trader Edward Colston, woke up one morning in 2017 to find unofficial plaques calling attention to its past history with the slave trade | Sam Saunders<\/figcaption><\/figure>\n\n\n\n<p>In France, Emmanuel Macron, the President of the Republic of <em>\u00e9galit\u00e9<\/em> and <em>fraternit\u00e9<\/em>, set off a political firestorm when, in February 2017, he declared that French colonisation had been a \u201ccrime against humanity\u201d and issued an apology to Algeria, where he was on tour, for past acts. His statements disturbed a portion of the French political class. Even though a decade had passed since Tony Blair\u2019s remarks, the intervening years had clearly not resulted in a normalisation of imperial <em>mea culpas<\/em>, which still wounded a European identity built out of acting as a guardian of democracy and human rights [3]. As the historian Pascal Blanchard (2019) has sharply criticised, sixty years have gone by since the independence of France\u2019s colonies and France still has not engaged in any reflection on its colonial past, nor has it opened spaces dedicated to the subject in a country with well over 10,000 museums and a host of collections brought from its overseas colonies.<\/p>\n\n\n\n<p>On the other hand, the case of the <em>Mus\u00e9e Royal d\u2019Afrique Centrale<\/em>, which was opened on the outskirts of Brussels in 1897 during the reign of Leopold II, recalls other heated debates on heritage and its use. The museum is located in an ostentatious palace that contains over 120,000 items plundered from the Congo, and it has been (and still is) one of the leading spaces for the glorification of colonialism and racism. Not until 2018 did Belgium conclude a critical review of the museum\u2019s collections and galleries, which had remained unchanged since the nineteen-fifties and therefore continued to uphold painful racial hierarchies and discourses of black \u201cprimitivism\u201d. The review, however, was not enough for the United Nations, which urged the Belgian government to issue a public apology for atrocities committed in the Congo and linked the country\u2019s present-day racism against Africans to its meagre review of its past, publishing a report with 72 recommendations (United Nations, 2019). In addition, thousands of kilometres from Belgium, the Congolese themselves continue to argue that decolonisation will only be possible through restitution. To this end, Joseph Kabila, the controversial former president of the RDC, has repeatedly called for the return of the museum\u2019s objects to Kinshasa. In this respect, restitution and economic reparations, together with symbolic apologies, are becoming the key pillars of today\u2019s demands for historical memory of the colonial past, both in Africa and in Europe.<\/p>\n\n\n\n<figure class=\"wp-block-image size-large\"><img loading=\"lazy\" decoding=\"async\" width=\"1024\" height=\"724\" src=\"http:\/\/europeanmemories.net\/magazine\/wp-content\/uploads\/sites\/9\/2019\/12\/3.2018.3.404-1024x724.jpg\" alt=\"\" class=\"wp-image-732\" srcset=\"https:\/\/europeanmemories.net\/magazine\/wp-content\/uploads\/sites\/9\/2019\/12\/3.2018.3.404-1024x724.jpg 1024w, https:\/\/europeanmemories.net\/magazine\/wp-content\/uploads\/sites\/9\/2019\/12\/3.2018.3.404-300x212.jpg 300w, https:\/\/europeanmemories.net\/magazine\/wp-content\/uploads\/sites\/9\/2019\/12\/3.2018.3.404-768x543.jpg 768w, https:\/\/europeanmemories.net\/magazine\/wp-content\/uploads\/sites\/9\/2019\/12\/3.2018.3.404-1536x1086.jpg 1536w, https:\/\/europeanmemories.net\/magazine\/wp-content\/uploads\/sites\/9\/2019\/12\/3.2018.3.404-2048x1448.jpg 2048w\" sizes=\"auto, (max-width: 1024px) 100vw, 1024px\" \/><figcaption>View of the Introductory Gallery: A Museum in Motion, Mus\u00e9e royal de l\u2019Afrique centrale | <br> \u00a9 MRAC, Tervuren, photo Jo Van de Vijver<\/figcaption><\/figure>\n\n\n\n<p>Portugal, too, waded into controversy in 2018, when it announced that a new museum slated to accommodate the history of Portuguese colonialism was to be called the <em>Museu das Descobertas<\/em> [in English, Museum of Discoveries]. In response, historians and civil society nationwide came out staunchly against the initiative because the language evoked the authoritarian reign of Salazar and because it perpetuated a history of putting the Eurocentric subject at the centre of the story, since surely the first people to discover Africa or the Americas were their original inhabitants. Indeed, the Portuguese case has been defined as \u201camnesiac memory\u201d (Cardina, 2016) arising from the social trauma caused by the bloody colonial wars that raged between 1961 and 1974. The lack of public and institutional initiatives, however, has not impeded the literary boom of the past decade, which has contributed significantly to the recovery of the \u201chistory\u201d of Portuguese Africa. In the end, the political silence has been overtaken by the proliferation of publishers, output of academics and initiatives of civic engagement, which once again have come primarily from migrant and Afro-descendant groups. In 2017, for example, the <em>Djass Associa\u00e7\u00e3o de Afrodescendentes<\/em> successfully launched a popular legislative initiative to gain approval for the construction, in Lisbon, of the country\u2019s first memorial to the victims of slavery, which has yet to break ground as a consequence of political resistance.&nbsp;<\/p>\n\n\n\n<p>The Spanish case shares many parallels with the Portuguese case. In Spain, however, the amnesia is not only institutional, but also collective. If Spain had a colonial past in Africa, it is generally unknown even in academic circles as a consequence of a policy of \u201creserved material\u201d (1969) and a well-established Americanist tradition (Mu\u00f1oz, 2017). The Spanish colonial enterprise has always been linked to the Americas, underpinning an identity of <em>\u201chispanidad<\/em>\u201d\u2014the \u201cSpanishness\u201d of the whole Spanish-speaking world\u2014that was prevalent during the Franco dictatorship and remains so even today. Not only has no political apology yet been issued, but the glorifications of Spain\u2019s colonial past have become normalised. Only a few months ago, Spain\u2019s current foreign minister, Josep Borrell, made the following statement: \u201c<em>Espa\u00f1a no va a presentar esas extempor\u00e1neas disculpas que se piden, parece un poco raro que en este momento se plantee pedir disculpas sobre acontecimientos ocurridos hace 500 a\u00f1os<\/em>\u201d [in English, \u201cSpain is not going to offer the untimely apologies that are being requested, it seems a little odd now to call for apologies about events that happened 500 years ago\u201d]. Borrell\u2019s remark came in response to requests from Latin American leaders and reflected his own bafflement [4]. At the same time, revisionist theses proliferate under the auspices of public institutions. These include arguments put forward by the philologist Elvira Roca in her book <em>Imperiofobia<\/em> [<em>Empire-phobia<\/em>] (2016), where she depicts Spanish colonialism as humane and claims there is no need to undertake any national self-questioning. For the African case, it will be necessary to wait for the decolonisation of the archives and for educational socialisation in order to examine Spain\u2019s role in the Atlantic slave trade and the contemporaneous occupation of the territory. Doubtless, this process will also be pushed forward by Afro-descendant communities, for instance, through legal challenges such as the one instigated almost thirty years ago in Banyoles (Girona). The case in question, which involved the desiccated remains of a Bushman on display in the <a rel=\"noreferrer noopener\" aria-label=\"Darder Museum (opens in a new tab)\" href=\"http:\/\/www.museusdebanyoles.cat\/darder\/\" target=\"_blank\">Darder Museum<\/a> in Banyoles, was the focus of a decade-long battle between a Haitian physician Alphons Arcelin along with other Africans and a Catalan society reluctant to examine its own racism. The Bushman was not removed and buried in Botswana until 2001, when he was given a veritable state funeral that was mounted as a symbol of restitution for the sorrow and grief of colonialism. The Darder Museum, by contrast, did not undertake any critical reformulation of the space.<\/p>\n\n\n\n<figure class=\"wp-block-image size-large\"><img loading=\"lazy\" decoding=\"async\" width=\"1024\" height=\"768\" src=\"http:\/\/europeanmemories.net\/magazine\/wp-content\/uploads\/sites\/9\/2019\/12\/4.IMG_20190510_105228-1024x768.jpg\" alt=\"\" class=\"wp-image-733\" srcset=\"https:\/\/europeanmemories.net\/magazine\/wp-content\/uploads\/sites\/9\/2019\/12\/4.IMG_20190510_105228-1024x768.jpg 1024w, https:\/\/europeanmemories.net\/magazine\/wp-content\/uploads\/sites\/9\/2019\/12\/4.IMG_20190510_105228-300x225.jpg 300w, https:\/\/europeanmemories.net\/magazine\/wp-content\/uploads\/sites\/9\/2019\/12\/4.IMG_20190510_105228-768x576.jpg 768w, https:\/\/europeanmemories.net\/magazine\/wp-content\/uploads\/sites\/9\/2019\/12\/4.IMG_20190510_105228-1536x1152.jpg 1536w, https:\/\/europeanmemories.net\/magazine\/wp-content\/uploads\/sites\/9\/2019\/12\/4.IMG_20190510_105228-2048x1536.jpg 2048w\" sizes=\"auto, (max-width: 1024px) 100vw, 1024px\" \/><figcaption>Current display in the Darder Museum where the Bushman known as the \u201cBlack of Banyoles\u201d appeared on display until 2001. The Bushman\u2019s remains are now replaced by photos and no explanation is given of the controversy surrounding his restitution | EUROM<\/figcaption><\/figure>\n\n\n\n<p>Obviously, Europe\u2019s past involvement in the slave trade and colonialism is today a history of festering wounds. The continued existence of the trauma is a direct consequence of a management approach that still falls short in terms of reparations for victims and political accountability. The narratives of this latent conflict are closely bound up with the growth of xenophobia and the rise in populist discourses of hate. The structural omission of this \u201cuncomfortable\u201d past has confronted European identity itself, which has been challenged by diaspora communities calling for a decolonial review of public space, of representations of otherness and of national histories (Huyssen, 2003). The issue is one of \u201ctransnational memories\u201d, which are built out of multiple geographical and social experiences that include the slave trade, colonial occupation and post-colonial Africa on the move, and which have given shape to subaltern identities. Coming out of this dialectic are demands that challenge the normalised colonial heritage of our museums and streets, while also calling for justice for crimes that are still kept quiet. These demands have been answered with varying degrees of success by the institutions and political authorities that are directly concerned, situating any progress or resistance on a battleground where, based on the trend of the past decade, voices will continue to be raised in support of a colonial memory that is both critical and unvarnished. Discussions and solutions need to happen with greater speed, involving every social agent, in order to look together at the past and build a better social harmony in the present.&nbsp;<br><\/p>\n\n\n\n<h4 class=\"wp-block-heading\"><strong>Footnotes<\/strong><\/h4>\n\n\n\n<p>1 \u201cBlair fights shy of full apology for slave trade\u201d in The Guardian (27 November 2006). <\/p>\n\n\n\n<p>2 Kuba Shand-Baptites, \u201cWhile the US debate heats up, why won\u2019t the UK even talk about reparations for slavery?\u201d in The Independent (17 July 2017).<\/p>\n\n\n\n<p>3 \u00abEn Alg\u00e9rie, Macron s\u2019excuse pour la colonisation, une \u2018faute grave\u2019 pour la droite\u00bb [in English, \u00abIn Algeria, Macron apologises for colonisation, a \u2018grave error\u2019 for the right\u00bb] in Le Parisien (15 February 2017)<\/p>\n\n\n\n<p>4  \u00abBorrell on the letter from L\u00f3pez Obrador: \u2018Espa\u00f1a no va a presentar esas extempor\u00e1neas disculpas que se piden\u2019\u00bb. [in English, \u201cSpain is not going to offer the untimely apologies that are being requested\u201d] in ABC (26 March 2019). <\/p>\n\n\n\n<h3 class=\"wp-block-heading\">References<\/h3>\n\n\n\n<p>ASSMANN, Aleida. \u201cTransnational memories\u201d. <em>European Review<\/em>, 2014, vol. 22, no. 4, pp. 546-556.<\/p>\n\n\n\n<p>CARDINA, Miguel. \u201cMem\u00f3rias amn\u00e9sicas? Na\u00e7\u00e3o, discurso pol\u00edtico e representa\u00e7\u00f5es do passado colonial\u201d <em>Configura\u00e7\u00f5es. Revista de sociologia<\/em>, 2016, no. 17, pp. 31-42.<\/p>\n\n\n\n<p>HUYSSEN, Andreas. \u201cDiaspora and nation: Migration into other pasts\u201d. <em>New German Critique<\/em>, 2003, no. 88, pp. 147-164.<\/p>\n\n\n\n<p>Informe de las Naciones Unidad sobre el museo colonial de B\u00e9lgica: <a href=\"https:\/\/www.ohchr.org\/en\/NewsEvents\/Pages\/DisplayNews.aspx?NewsID=24153&amp;LangID=E\">https:\/\/www.ohchr.org\/en\/NewsEvents\/Pages\/DisplayNews.aspx?NewsID=24153&amp;LangID=E<\/a><\/p>\n\n\n\n<p>MU\u00d1OZ MARTINEZ, Celeste. \u201c\u00c1frica en nuestros archivos: la historia que a\u00fan no puede ser contada\u201d en La necesidad de conocer \u00c1frica. Dykinson, 2017. pp. 129-140.<\/p>\n\n\n\n<p>REYES, Abdiel Rodr\u00edguez. \u201cEl giro decolonial en el siglo XXI\u201d <em>Revista Ensayos Pedag\u00f3gicos<\/em>, 2016, vol. 11, no. 2, pp. 133-158.<br>SCHABAS, William, <em>Unimaginable Atrocities \u2013 Justice, Politics, and Rights at the War Crimes Tribunals<\/em>, Oxford University Press, 2012 \u2013 pp. 51-53.<\/p>\n","protected":false},"excerpt":{"rendered":"<p>Celeste Mu\u00f1oz Mart\u00ednez, Lecturer in the History of Africa, University of Barcelona Cover picture: View of the room Rituals and Ceremonies, Mus\u00e9e royal de l\u2019Afrique centrale | \u00a9 MRAC, Tervuren, photo Jo Van de Vijver In 2006, then British Prime Minister Tony Blair caught the world by surprise when he issued an unprecedented apology for &#8230;<\/p>\n","protected":false},"author":4,"featured_media":734,"comment_status":"open","ping_status":"open","sticky":false,"template":"","format":"standard","meta":{"_monsterinsights_skip_tracking":false,"_monsterinsights_sitenote_active":false,"_monsterinsights_sitenote_note":"","_monsterinsights_sitenote_category":0,"_uf_show_specific_survey":0,"_uf_disable_surveys":false,"footnotes":""},"categories":[3],"tags":[190,189,91,154],"class_list":["post-730","post","type-post","status-publish","format-standard","has-post-thumbnail","hentry","category-short-article","tag-africa","tag-colonial-memories","tag-europe","tag-issue3"],"aioseo_notices":[],"_links":{"self":[{"href":"https:\/\/europeanmemories.net\/magazine\/wp-json\/wp\/v2\/posts\/730","targetHints":{"allow":["GET"]}}],"collection":[{"href":"https:\/\/europeanmemories.net\/magazine\/wp-json\/wp\/v2\/posts"}],"about":[{"href":"https:\/\/europeanmemories.net\/magazine\/wp-json\/wp\/v2\/types\/post"}],"author":[{"embeddable":true,"href":"https:\/\/europeanmemories.net\/magazine\/wp-json\/wp\/v2\/users\/4"}],"replies":[{"embeddable":true,"href":"https:\/\/europeanmemories.net\/magazine\/wp-json\/wp\/v2\/comments?post=730"}],"version-history":[{"count":5,"href":"https:\/\/europeanmemories.net\/magazine\/wp-json\/wp\/v2\/posts\/730\/revisions"}],"predecessor-version":[{"id":856,"href":"https:\/\/europeanmemories.net\/magazine\/wp-json\/wp\/v2\/posts\/730\/revisions\/856"}],"wp:featuredmedia":[{"embeddable":true,"href":"https:\/\/europeanmemories.net\/magazine\/wp-json\/wp\/v2\/media\/734"}],"wp:attachment":[{"href":"https:\/\/europeanmemories.net\/magazine\/wp-json\/wp\/v2\/media?parent=730"}],"wp:term":[{"taxonomy":"category","embeddable":true,"href":"https:\/\/europeanmemories.net\/magazine\/wp-json\/wp\/v2\/categories?post=730"},{"taxonomy":"post_tag","embeddable":true,"href":"https:\/\/europeanmemories.net\/magazine\/wp-json\/wp\/v2\/tags?post=730"}],"curies":[{"name":"wp","href":"https:\/\/api.w.org\/{rel}","templated":true}]}}