{"id":421,"date":"2018-11-08T19:39:31","date_gmt":"2018-11-08T19:39:31","guid":{"rendered":"http:\/\/europeanmemories.net\/magazine\/?p=421"},"modified":"2018-12-10T10:21:33","modified_gmt":"2018-12-10T10:21:33","slug":"the-one-who-sows-wind-reaps-storms-validity-of-the-damnatio-memoriae","status":"publish","type":"post","link":"https:\/\/europeanmemories.net\/magazine\/the-one-who-sows-wind-reaps-storms-validity-of-the-damnatio-memoriae\/","title":{"rendered":"The one who sows wind, reaps storms. Validity of the Damnatio memoriae"},"content":{"rendered":"<h6>Picture: <span id=\"result_box\" class=\"\" lang=\"en\"><span class=\"\">Detail of the penitentiary file of Celestino Garc\u00eda Moreno, peasant of Morata de Taju\u00f1a, shot on June 14, 1939, in the walls of the East Madrid cemetery<\/span><\/span> | <a href=\"http:\/\/quieneseran.blogspot.com\/2008\/06\/celestino-garca-moreno-14-06-1939.html\" rel=\"noopener\">quieneseran.blogspot<\/a><\/h6>\n<p style=\"text-align: justify;\">By <a href=\"https:\/\/www.ucm.es\/udcontemporanea\/fernando-hernandez-holgado\"><span style=\"color: #eb7d48;\">Fernando Hern\u00e1ndez Holgado<\/span><\/a>, associate professor at the Department of Contemporary History of the <em>Universidad Complutense de Madrid<\/em><\/p>\n<p>&nbsp;<\/p>\n<p style=\"text-align: justify;\"><b>A historical note<\/b><\/p>\n<p style=\"text-align: justify;\">Madrid was one of the main scenarios of the Spanish Civil War (1936-1939), which led to one of the longest-running dictatorships of the 20th century (1936-1975), only comparable to that of the Portuguese Salazarist regime (1933-1974). Although the latter lasted even longer, the distinguishing characteristic of the Franco dictatorship is its military character -under the absolute leadership of a General, Francisco Franco- as victors of a war that left a deep mark on the collective popular memory, which still today continues to generate repercussions and a wide impact considerably conflictive.<\/p>\n<p style=\"text-align: justify;\">During the three years and a half that lasted the Spanish Civil War, Madrid presented its own peculiarities: it was the capital of both the front line and of the rear-guard. The city endured the siege of Franco&#8217;s troops from November 1936 till the end of March 1939, with an extensive battle front surrounding the Manzanares River and the University City on the north, west and south sides of the capital. Literally, some streets in Madrid ended up in front trenches under the effect of continuous bombings. Madrid was the first European capital city to suffer aerial bombings &#8211; already in the summer of 1936 &#8211; as an experiment part of the classic \u201ctotal war\u201d during the 20th century put into practice during the Second World War. The land bombings carried out from the nearby artillery positions of the rebels caused, in addition to a high mortality rate still to be properly quantified, the systematic demolition of its streets and buildings. There were other consequences brought by the war and etched in the memory of the people of Madrid: hunger, hardship, ration books, etc. shattered lives, in short, and the trace of horror and scarcity in the popular memory.<\/p>\n<p style=\"text-align: justify;\">However, Madrid was not only the capital of the <b>front line<\/b>, the \u201cHeroic Madrid\u201d was praised by the political organizations that participated in the resistance against the rebels who were militarily supported by the German Nazi and Italian fascist regimes, as a consequence of which it won a worldwide repercussion for the antifascist cause. Madrid was also the <b>capital of the rear-guard<\/b>; in this city took place a kind of social \u201crevolution\u201d since the moment different working and anti-fascist organisations (trade unions with socialist, communist and libertarian ideologies) obtained important share of the political power in the city through a committed defence during the second half of 1936 and part of 1937. This process was only possible thanks to the particularly dramatic conditions of the summer and, above all, the autumn of 1936, with the enemy at the gates of the city and the Republican government fleeing to Valencia. This revolutionary dynamic lasted well into 1937 and generated a repressive process against all those people who were branded as enemies or \u201chostile\u201d to the Republic, according to different popular committees with a particularly strong position in the working class districts of the suburbs. As a result, thousands of people were killed according to different models. During the summer of 1936 most of the murders were committed by different popular committees with a relative autonomy; however, between October and December of the same year, a series of committees and parties &#8211; with representation in the formal structures of government &#8211; designed and executed a secret and never-recognized plan for the murdering of thousands of alleged \u201chostile\u201d people. This systematic plan of murdering claimed the lives of around two thousand men according to the most rigorous studies, extra-judicially executed around the nearby towns of Aravaca, Paracuellos and Torrej\u00f3n de Ardoz. The form used and the premeditated nature of the massacre, i.e. prisoners were get out under pretext of their transfer to Valencia and their execution on the edge of the gutter at the outskirts of the capital, also left a deep mark on the popular memory of the city&#8217;s middle and upper classes, especially in those neighbourhoods in the centre surrounded by the working class suburbs. The \u201cslaughter of Paracuellos\u201d would thus become an important part of the memory built by the victors in 1939 as one of the main atrocities carried out by the \u201cRed Madrid\u201d.<\/p>\n<p style=\"text-align: justify;\"><b><i>Apologia memoriae<\/i><\/b><b> and repression<\/b><\/p>\n<p style=\"text-align: justify;\">April 1, 1939, is the official date of the victory over the legally constituted authorities of the Republic, and from this date on, the new military regime was almost obsessively engaged in building a whole \u201cmemorial policy\u201d with the aim of justifying and legitimizing the military \u201cuprising\u201d and its triumph after the three years of war, sanctioned, by the way, as a \u201cCrusade\u201d by the Catholic Church. In the case of Madrid, the \u201cvictims of the red barbarism\u201d were remembered and praised. Their corpses were exhumed from ditches and ossuaries to be buried in dignified tombs for payment, at the expense of the public funds. As for their names, they have since appeared in witness books, in school textbooks of several generations, in stone monuments, on bronze plaques and on the crosses installed on the walls of so many churches in the Spanish territory, thus physically and symbolically shaping the tenacious account of the \u201cFallen for God and for Spain\u201d. Furthermore, these names were stamped on the plaques of the streets of thousands of towns and cities for everyone&#8217;s information, beginning with the capital city where there are still a good number of them.<\/p>\n<figure id=\"attachment_424\" aria-describedby=\"caption-attachment-424\" style=\"width: 725px\" class=\"wp-caption alignnone\"><img loading=\"lazy\" decoding=\"async\" class=\"wp-image-424\" src=\"http:\/\/europeanmemories.net\/magazine\/wp-content\/uploads\/sites\/9\/2018\/11\/P1010407.jpg\" alt=\"\" width=\"725\" height=\"573\" srcset=\"https:\/\/europeanmemories.net\/magazine\/wp-content\/uploads\/sites\/9\/2018\/11\/P1010407.jpg 2769w, https:\/\/europeanmemories.net\/magazine\/wp-content\/uploads\/sites\/9\/2018\/11\/P1010407-300x237.jpg 300w, https:\/\/europeanmemories.net\/magazine\/wp-content\/uploads\/sites\/9\/2018\/11\/P1010407-768x607.jpg 768w, https:\/\/europeanmemories.net\/magazine\/wp-content\/uploads\/sites\/9\/2018\/11\/P1010407-1024x810.jpg 1024w\" sizes=\"auto, (max-width: 725px) 100vw, 725px\" \/><figcaption id=\"caption-attachment-424\" class=\"wp-caption-text\">Annual acts of homage to the people shot in the walls of the East Cemetery of Madrid | www.memoriaylibertad.org.<\/figcaption><\/figure>\n<p style=\"text-align: justify;\">It is dramatically remarkable that this process of memorial exaltation, particularly speaking of the cemetery in Madrid, took place at the same time that a systematic physical elimination of the defeated in the same space. Between April 1939 and early February 1944, almost three thousand people were executed by firing squad in the vicinity of the Almudena cemetery and buried there in cheap, emergency graves, the so-called \u201ccharity graves\u201d. In a formally occupied city, and a country in a state of war until 1948, General Franco&#8217;s military dictatorship tried hundreds of thousands of people throughout the country in court-martials or emergency military summary trials, imposing all kinds of prison sentences and, of course, death by firing squad or \u201cgarrote vil\u201d, the traditional and infamous Spanish death penalty. These court-martials were initiated exclusively by military personnel, on the basis of accusations and denunciations that were largely based only on rumours or on negative reports of conduct drawn up by the victors. The real chances of defence for the accused were slim and there was no judicial guarantee at all during the trials.<\/p>\n<p style=\"text-align: justify;\">As a result, 2,937 people were executed in Madrid during this period. Most of their relatives could not even recover the bodies to bury them in an appropriate tomb: only about four hundred managed to escape the fate of the common ossuary of the cemetery, upon the prescription of the ten years in the charity tomb. Those who succeeded in doing so, after the corresponding request to the military authority, could only perform the religious service and burial \u201cin the strictest privacy\u201d, and \u201cwithout any ostentation nor ceremony\u201d. \u00a0However, this situation only affected the bodies, so&#8230; What about the names? In the families of the defeated, the memory of what happened had to survive hidden, when it was not lost in oblivion. More than eighty years after the murder, some families were still unaware that their relative had been executed in the post-war period, and not during the war at the hands of the \u201cred army\u201d. Shifting the focus from the family memory to the historical record, during the dictatorship it was not possible to count the number of victims executed in the vicinity of the Madrid cemetery, but this situation persisted during the following decades, even during the democracy. Researches and relatives did not have any access to the documentation, in the custody of the Army also responsible for the courts-martial, until well into the nineties. It was not until 1997 when it was possible to perform the first study on the victims, carried out mainly thanks to the consultation of the cemetery documentation.<\/p>\n<p style=\"text-align: justify;\"><b>Validity of the Damnatio memoriae<\/b><\/p>\n<p style=\"text-align: justify;\">Only in 2018, on the initiative of the Office on Human Rights and Memory of the Madrid City Council, which commissioned a list of victims to a team of historians by consulting the records of the cemetery &#8211; which was closed again to researchers since the end of the 1990s-, it has been possible to publish an exhaustive <a href=\"https:\/\/www.madrid.es\/portales\/munimadrid\/es\/Inicio\/Actualidad\/Actividades-y-eventos\/Listado-cronologico-de-ejecuciones-en-el-Madrid-de-la-posguerra-1939-1944-?vgnextfmt=default&amp;vgnextoid=480c22bc756f1610VgnVCM1000001d4a900aRCRD&amp;vgnextchannel=ca9671ee4a9eb410VgnVCM100000171f5a0aRCRD\" rel=\"noopener\">list of the people executed in Madrid during the immediate post-war period<\/a>: the 2,937 persons mentioned, including 80 women (1). The ultimate goal of this list from the beginning was to build a memorial monument in the cemetery area \u201cin memory of the victims of Franco&#8217;s violence\u201d, where all the names would be included (<a href=\"https:\/\/elpais.com\/ccaa\/2018\/02\/13\/madrid\/1518522095_738935.html\" rel=\"noopener\">2<\/a>). It would be easy to think that this was a praiseworthy legitimation, immune to any questioning, especially in view of the \u201cdeficit\u201d of memory regarding the Franco repression that has characterised the municipality of Madrid for decades. A city which still has to fight against political forces and even judges to assert its decision to rename its streets. Let\u2019s not forget that the names of well-known generals of the 1936 uprising are now displayed in many streets of the capital.<\/p>\n<p style=\"text-align: justify;\">And yet, even today, some relevant voices have a position against the memorial to include the names of those 2,937 people even when they are part for example of the Historical Memory Commissioner created nearly a year ago by the Madrid City Council. Their recommendation was based on the fact that this list allegedly included the names of agents of the political violence committed during the civil war in Madrid, calling them \u201cchequistas\u201d: a name that is as inaccurate as infamous and constantly used during the dictatorship. In mid-June 2018, the Commissioner concluded his advisory work with the City Council in terms of policy memory, but not before some of its members &#8211; i.e. The writer Andr\u00e9s Trapiello, proposed by the regional political party Ciudadanos, expressed their criticism on the decision, approved in the<a href=\"https:\/\/www.abc.es\/espana\/madrid\/abci-comisionado-memoria-historica-marcha-tras-ninguneo-carmena-y-valiente-201806160209_noticia.html\" rel=\"noopener\"> plenary session<\/a> (3), to include all the names of the people executed in the projected memorial monument of the cemetery (<a href=\"https:\/\/www.madrid.es\/UnidadesDescentralizadas\/UDCPleno\/Actividad\/Pleno\/2018\/2018-02-28\/E_RA_PO_28_02_18.pdf\" rel=\"noopener\">4<\/a>). The argument used by Ciudadanos and the Popular Party is that sectarianism has prevailed over dialogue, suggesting their position would be the most objective and equidistant, as an opinion sanctioned by the historians present at the Commissioner, who, more or less tacitly, would have shared it.<\/p>\n<figure id=\"attachment_425\" aria-describedby=\"caption-attachment-425\" style=\"width: 725px\" class=\"wp-caption alignnone\"><img loading=\"lazy\" decoding=\"async\" class=\"wp-image-425\" src=\"http:\/\/europeanmemories.net\/magazine\/wp-content\/uploads\/sites\/9\/2018\/11\/P3285057.jpg\" alt=\"\" width=\"725\" height=\"964\" srcset=\"https:\/\/europeanmemories.net\/magazine\/wp-content\/uploads\/sites\/9\/2018\/11\/P3285057.jpg 1206w, https:\/\/europeanmemories.net\/magazine\/wp-content\/uploads\/sites\/9\/2018\/11\/P3285057-226x300.jpg 226w, https:\/\/europeanmemories.net\/magazine\/wp-content\/uploads\/sites\/9\/2018\/11\/P3285057-768x1021.jpg 768w, https:\/\/europeanmemories.net\/magazine\/wp-content\/uploads\/sites\/9\/2018\/11\/P3285057-770x1024.jpg 770w\" sizes=\"auto, (max-width: 725px) 100vw, 725px\" \/><figcaption id=\"caption-attachment-425\" class=\"wp-caption-text\">Annual acts of homage to the people shot in the walls of the East Cemetery of Madrid | www.memoriaylibertad.org.<\/figcaption><\/figure>\n<p style=\"text-align: justify;\">In fact, as noted elsewhere in the heat of the <a href=\"https:\/\/www.nuevatribuna.es\/opinion\/fernando-hernandez-holgado\/carta-abierta-concejal-pedro-corral-historiadores-comisionado-memoria-historica-madrid\/20180301204337149190.html\" rel=\"noopener\">controversy<\/a> (5), the presence of these names in the memorial was a result of two situations: the decision approved months ago by that same Commissioner (somewhat forgetful of what approved by himself) and a flawless logic about the recognition of a group of victims homogeneous and perfectly differentiated from the historical point of view: the people executed after the trials which took place during the post-war in the Franco\u2019s dictatorship. An evaluation of the reasons that brought to each execution would have been like submitting them to a new trial by supporting and therefore validating a few irregular procedures given the lack of any legal guarantee whatsoever in their military processes. The solution suggested by some of the members of the Commissioner when proposing an anonymous memorial would have resulted in an anonymous memorial instead of a place to remember, by keeping in the oblivion the whole group of victims of the immediate post-war period, something that would be impossible at a technical level. A memorial without names for these victims would have an effect opposed to a memorial, a forgetful memorial of the victims of the Franco&#8217;s regime in the city of Madrid.<\/p>\n<p style=\"text-align: justify;\">This hypothetical memorial of erased names would also have been an affront to the relatives of those victims, who for almost twenty years have been fighting for the recognition of this episode through the group <a href=\"http:\/\/www.memoriaylibertad.org\" rel=\"noopener\">Memoria y Libertad<\/a>, and for the full names of their relatives to be engraved in stone or bronze. At a practical level, it would have implied a new twist to the policy of <i>damnatio memoriae <\/i>prevailing in the dictatorship, also representing an affront regarding the other victims\u2019 names &#8211; those resulted from the Republican violence of 1936 constantly reproduced and engraved on monuments, plaques and streets. \u00a0Some attitudes have not changed, and insisting on a large time span ranging from the Franco regime to the democracy of 2018, keep judging and erasing, instead of understanding or honouring. All of this highlights once again the current political conflicts and the attribution of new significances in the world of politics of memory.<\/p>\n<hr \/>\n<h6 style=\"text-align: justify;\">References<\/h6>\n<h6 style=\"text-align: justify;\">(1) The list of names, with an explanatory report, can be found in this <a href=\"https:\/\/www.madrid.es\/portales\/munimadrid\/es\/Inicio\/Actualidad\/Actividades-y-eventos\/Listado-cronologico-de-ejecuciones-en-el-Madrid-de-la-posguerra-1939-1944-?vgnextfmt=default&amp;vgnextoid=480c22bc756f1610VgnVCM1000001d4a900aRCRD&amp;vgnextchannel=ca9671ee4a9eb410VgnVCM100000171f5a0aRCRD\" rel=\"noopener\">link<\/a><\/h6>\n<h6 style=\"text-align: justify;\">(2)\u00a0<a href=\"https:\/\/elpais.com\/ccaa\/2018\/02\/13\/madrid\/1518522095_738935.html\">&#8220;Los represaliados por Franco tendr\u00e1n un memorial en la Almudena&#8221;.<\/a> EL PA\u00cdS, 13\/02\/2018.<\/h6>\n<h6 style=\"text-align: justify;\">(3) <a href=\"http:\/\/www.abc.es\/espana\/madrid\/abci-comisionado-memoria-historica-marcha-tras-ninguneo-carmena-y-valiente-201806160209_noticia.html\">&#8220;El Comisionado de la Memoria Hist\u00f3rica se marcha tras el ninguneo de Carmena y Valiente&#8221;<\/a>. ABC, 16\/06\/2018. The decision to raise a memorial with all the names was approved in the municipal plenary session.<\/h6>\n<h6 style=\"text-align: justify;\">(4) The <a href=\"http:\/\/www.madrid.es\/UnidadesDescentralizadas\/UDCPleno\/Actividad\/Pleno\/2018\/2018-02-28\/E_RA_PO_28_02_18.pdf\">plenary session of 28th February 2018<\/a> hold in City Council of Madrid rejected the proposal made by the Popular Party submitted in March to exclude the names of the alleged &#8220;chequistas&#8221;.<\/h6>\n<h6 style=\"text-align: justify;\">(5) <a href=\"https:\/\/www.nuevatribuna.es\/opinion\/fernando-hernandez-holgado\/carta-abierta-concejal-pedro-corral-historiadores-comisionado-memoria-historica-madrid\/20180301204337149190.html\">Nuevatribuna.es, 2\/03\/2018.<\/a><\/h6>\n","protected":false},"excerpt":{"rendered":"<p>Picture: Detail of the penitentiary file of Celestino Garc\u00eda Moreno, peasant of Morata de Taju\u00f1a, shot on June 14, 1939, in the walls of the East Madrid cemetery | quieneseran.blogspot By Fernando Hern\u00e1ndez Holgado, associate professor at the Department of Contemporary History of the Universidad Complutense de Madrid &nbsp; A historical note Madrid was one &#8230;<\/p>\n","protected":false},"author":4,"featured_media":423,"comment_status":"open","ping_status":"open","sticky":false,"template":"","format":"standard","meta":{"_monsterinsights_skip_tracking":false,"_monsterinsights_sitenote_active":false,"_monsterinsights_sitenote_note":"","_monsterinsights_sitenote_category":0,"_uf_show_specific_survey":0,"_uf_disable_surveys":false,"footnotes":""},"categories":[3],"tags":[85,139,74,86,84,88,87],"class_list":["post-421","post","type-post","status-publish","format-standard","has-post-thumbnail","hentry","category-short-article","tag-francoism","tag-issue2","tag-madrid","tag-memoria-y-libertad","tag-spanish-civil-war","tag-valencia","tag-women"],"aioseo_notices":[],"_links":{"self":[{"href":"https:\/\/europeanmemories.net\/magazine\/wp-json\/wp\/v2\/posts\/421","targetHints":{"allow":["GET"]}}],"collection":[{"href":"https:\/\/europeanmemories.net\/magazine\/wp-json\/wp\/v2\/posts"}],"about":[{"href":"https:\/\/europeanmemories.net\/magazine\/wp-json\/wp\/v2\/types\/post"}],"author":[{"embeddable":true,"href":"https:\/\/europeanmemories.net\/magazine\/wp-json\/wp\/v2\/users\/4"}],"replies":[{"embeddable":true,"href":"https:\/\/europeanmemories.net\/magazine\/wp-json\/wp\/v2\/comments?post=421"}],"version-history":[{"count":8,"href":"https:\/\/europeanmemories.net\/magazine\/wp-json\/wp\/v2\/posts\/421\/revisions"}],"predecessor-version":[{"id":583,"href":"https:\/\/europeanmemories.net\/magazine\/wp-json\/wp\/v2\/posts\/421\/revisions\/583"}],"wp:featuredmedia":[{"embeddable":true,"href":"https:\/\/europeanmemories.net\/magazine\/wp-json\/wp\/v2\/media\/423"}],"wp:attachment":[{"href":"https:\/\/europeanmemories.net\/magazine\/wp-json\/wp\/v2\/media?parent=421"}],"wp:term":[{"taxonomy":"category","embeddable":true,"href":"https:\/\/europeanmemories.net\/magazine\/wp-json\/wp\/v2\/categories?post=421"},{"taxonomy":"post_tag","embeddable":true,"href":"https:\/\/europeanmemories.net\/magazine\/wp-json\/wp\/v2\/tags?post=421"}],"curies":[{"name":"wp","href":"https:\/\/api.w.org\/{rel}","templated":true}]}}