{"id":2154,"date":"2025-12-23T06:52:45","date_gmt":"2025-12-23T06:52:45","guid":{"rendered":"https:\/\/europeanmemories.net\/magazine\/?p=2154"},"modified":"2025-12-23T07:18:10","modified_gmt":"2025-12-23T07:18:10","slug":"cultural-legacies-of-slavery-in-modern-spain","status":"publish","type":"post","link":"https:\/\/europeanmemories.net\/magazine\/cultural-legacies-of-slavery-in-modern-spain\/","title":{"rendered":"Cultural Legacies of Slavery in Modern Spain"},"content":{"rendered":"\n<p>Akiko Tsuchiya and Aur\u00e9lie Vialette (eds.) Albany: State University of New York Press, 2025. 320 pp. <br>ISBN 9798855800845 (hardback)<\/p>\n\n\n\n<p><strong>A review by <a href=\"https:\/\/ca.wikipedia.org\/wiki\/Jo_Labanyi\" target=\"_blank\" rel=\"noopener\" title=\"\">Jo Labanyi<\/a>, New York University<\/strong><\/p>\n\n\n\n<p>As the editors of this volume note, Spain has been slow to recognize the human rights abuses, including slavery, resulting from its former empire, in part because of the urgent need to memorialize the victims of the Francoist repression in and after the Spanish Civil War. As Tsuchiya and Vialette remark in their introduction, Spain\u2019s Democratic Memory Law makes no mention of empire. This book\u2014unlike previous studies of slavery in colonial Spanish America\u2014focuses on its legacies (in the plural) in Spain from the nineteenth century to the present. The mix of scholarly essays and interviews aims to reach beyond academic circles.<\/p>\n\n\n\n<figure class=\"wp-block-image size-large\"><img loading=\"lazy\" decoding=\"async\" width=\"742\" height=\"1024\" src=\"https:\/\/europeanmemories.net\/magazine\/wp-content\/uploads\/sites\/9\/2025\/12\/1.cultural-legacies-of-slavery-in-modern-spain-1-742x1024.jpg\" alt=\"\" class=\"wp-image-2156\" srcset=\"https:\/\/europeanmemories.net\/magazine\/wp-content\/uploads\/sites\/9\/2025\/12\/1.cultural-legacies-of-slavery-in-modern-spain-1-742x1024.jpg 742w, https:\/\/europeanmemories.net\/magazine\/wp-content\/uploads\/sites\/9\/2025\/12\/1.cultural-legacies-of-slavery-in-modern-spain-1-217x300.jpg 217w, https:\/\/europeanmemories.net\/magazine\/wp-content\/uploads\/sites\/9\/2025\/12\/1.cultural-legacies-of-slavery-in-modern-spain-1-109x150.jpg 109w, https:\/\/europeanmemories.net\/magazine\/wp-content\/uploads\/sites\/9\/2025\/12\/1.cultural-legacies-of-slavery-in-modern-spain-1-768x1060.jpg 768w, https:\/\/europeanmemories.net\/magazine\/wp-content\/uploads\/sites\/9\/2025\/12\/1.cultural-legacies-of-slavery-in-modern-spain-1-1113x1536.jpg 1113w, https:\/\/europeanmemories.net\/magazine\/wp-content\/uploads\/sites\/9\/2025\/12\/1.cultural-legacies-of-slavery-in-modern-spain-1-1484x2048.jpg 1484w, https:\/\/europeanmemories.net\/magazine\/wp-content\/uploads\/sites\/9\/2025\/12\/1.cultural-legacies-of-slavery-in-modern-spain-1-scaled.jpg 1854w\" sizes=\"auto, (max-width: 742px) 100vw, 742px\" \/><\/figure>\n\n\n\n<p>The editors\u2019 introduction notes that the height of Spain\u2019s involvement in the Atlantic slave trade (principally to Cuba) was the mid-nineteenth century, when slave trading (but not slavery) had been declared illegal. As Vialette comments in her own essay, the banning of the slave trade raised the price of slaves, making slave trading more profitable. Those profits, the introduction notes, underpinned industrialization in Catalonia. <\/p>\n\n\n\n<p>While Catalonia features prominently in the book, the geographical coverage is broad. Part 1, based on archival sources, discusses Spanish colonial West Africa and the Philippines, the links with slavery of Spanish families based in Britain, and Catalonia. Part 2 explores today\u2019s memorialization of slavery in Catalonia, Madrid, C\u00e1diz, and the Canaries. Part 3 examines the legacies of Spain\u2019s involvement in slavery in literature, visual culture, and music, including interviews with Afro-descendant cultural workers.<\/p>\n\n\n\n<p>Benita Sampedro\u2019s first chapter, \u201cThe Houseboys of Fernando Poo,\u201d reads two African personal narratives\u2014the semi-fictional Una lanza por el Boab\u00ed (1962) by Daniel Jones Mathama, son of the wealthy African plantation-owner on whom the protagonist is based, and the 1961-2 notebook and diaries of Nigerian Linus N. Gheme, houseboy to a Portuguese settler family in Fernando Poo\u2014to show how houseboys resisted, and in the second case legally challenged, their exploitation. The semi-servitude of houseboys in elite African as well as white settler households shows the complexity<br>of colonial structures.<\/p>\n\n\n\n<p>Kirsty Hooper\u2019s second chapter examines the links to slavery of three Spanish families (from C\u00e1diz, Havanna, and Puerto Rico) living in London during the nineteenth century, after Britain\u2019s abolition of the slave trade in 1807. Her research shows the ploys adopted by these slave-trading or slave-owning families to mask the source of their wealth. The chapter\u2019s fascinating historical detail reminds us of the repression of slaves in Cuba and Puerto Rico in the 1840s by Spanish liberal politicians General O\u2019Donnell and General Prim, respectively. Aur\u00e9lie Vialette\u2019s third chapter explores the role of the major Spanish slave trader Antonio L\u00f3pez y L\u00f3pez (knighted as Marquis of Comillas by Alfonso XII) as founder of the Philippine General Tobacco Company. Her focus is on how the company\u2019s archive whitewashes its links to the slave trade, in keeping with a sanitized official discourse that allowed the capture and enslavement of Muslims in the Philippines.  Like Hooper in Chapter 2, Vialette reveals the intricate networks of kinship that consolidated slavery as a<br>global business enterprise.<\/p>\n\n\n\n<p>In Part 1\u2019s final chapter, Mart\u00edn Rodrigo-Alharilla and Juliana Nalerio argue that the decisive factor in the shift from Spain\u2019s early modern blood purity statutes, which targeted religious others (Jews and Muslims), to modern racism, based on skin color, was the Atlantic slave trade\u2019s equation of slaves with Blacks. They note that, in slave-owning eighteenth century colonial Spanish America, blood purity laws started to be used to bolster white privileges. Examining the links between nineteenth-century Catalonia and Cuba, they show how the equation of the terms \u201cnegro\u201d and \u201cslave\u201d persisted even when referring to free people of African origin in Barcelona. <\/p>\n\n\n\n<p>Part 2 opens with Akiko Tsuchiya\u2019s chapter on the monuments in Barcelona to the previously mentioned slave trader Antonio L\u00f3pez y L\u00f3pez and to Columbus. She notes the Franco dictatorship\u2019s restoration of the monument to L\u00f3pez in 1944, after its demolition by anarchists at the start of the Spanish Civil War, and that its removal in 2018 left standing its pedestal, which celebrates L\u00f3pez\u2019s transnational business enterprises. She shows how the erection of the monument to Columbus in 1888, for the Barcelona Universal Exposition, coopted him to celebrate Catalonia\u2019s medieval empire, contributing to the reluctance, still today, towards removing it. Particularly interesting is Tsuchiya\u2019s account of art activists\u2019 interventions which have given both monuments new meanings. <\/p>\n\n\n\n<p>Ulrike Schmieder\u2019s Chapter 6 is a mine of information about the extensive links to slavery of C\u00e1diz and Madrid, none of them commemorated in either city. C\u00e1diz\u2019s museums and tourist spots celebrate the city\u2019s past as the hub of Atlantic trade and it still has a monument to Antonio L\u00f3pez\u2019s son Claudio, who continued his father\u2019s business ventures (the Catholic Church considered canonizing him). The monument to the 1812 Constitution of C\u00e1diz says nothing about its exclusion of Afrodescendants from citizenship; local abolitionists are not honored. The account of Madrid details the many statues and street names honoring enslavers, and stresses the Spanish royal family\u2019s involvement in slavery, notably Carlos III (who owned 20,000 slaves) and Queen Regent Mar\u00eda Cristina (whose husband was involved in the slave trade). <\/p>\n\n\n\n<p>Chapter 7, by Jeffrey K. Coleman, is a fascinating critique of the Museo Atl\u00e1ntico off the coast of Lanzarote, whose underwater sculpture garden, comprising over 300 human statues, calls attention to Africans drowned in the middle passage as well as in trying to reach Spain in recent decades. While conceptually interesting, the installation repeats the invisibility of those it honors (the statues can be seen only by those with scuba-diving training) and condemns them to a second death. <\/p>\n\n\n\n<p>Part 2 ends with the editors\u2019 interview with the coordinator of the European Observatory on Memories (EUROM), Oriol L\u00f3pez Badell, and historian Celeste Mu\u00f1oz Mart\u00ednez, who heads EUROM\u2019s colonial memories section and the Spanisg branch of the Trans-Atlantic Redress Network. They outline the successive stages of EUROM\u2019s investigations into colonial memory, noting that the impulse has come from Afro-descendants and activists, with institutional recognition lagging behind. Despite the Catalan Generalitat\u2019s 2021 apology for the crimes of colonialism, they feel that Spaniards still largely view empire as a positive feature of Spain\u2019s past. <\/p>\n\n\n\n<p>Part 3 starts with Gustau Ner\u00edn\u2019s analysis of literary and cinematic representations of early nineteenth-century slave trafficker Pedro Blanco, owner of a vast slave factory in today\u2019s Sierra Leone. Ner\u00edn shows how the many novels about him from 1860 on depicted him as a heroic adventurer, until David Pesci\u2019s 1987 English-language novel Amistad, followed by Steven Spielberg\u2019s 1997 film version, spawned a succession of literary representations in English, Spanish, and Catalan that damned Spain\u2019s involvement in global slavery networks.<\/p>\n\n\n\n<figure class=\"wp-block-image size-large\"><img loading=\"lazy\" decoding=\"async\" width=\"624\" height=\"1024\" src=\"https:\/\/europeanmemories.net\/magazine\/wp-content\/uploads\/sites\/9\/2025\/12\/Photo_of_Colombus_Monument_taken_with_iPhone_13_Pro-624x1024.jpg\" alt=\"\" class=\"wp-image-2157\" srcset=\"https:\/\/europeanmemories.net\/magazine\/wp-content\/uploads\/sites\/9\/2025\/12\/Photo_of_Colombus_Monument_taken_with_iPhone_13_Pro-624x1024.jpg 624w, https:\/\/europeanmemories.net\/magazine\/wp-content\/uploads\/sites\/9\/2025\/12\/Photo_of_Colombus_Monument_taken_with_iPhone_13_Pro-183x300.jpg 183w, https:\/\/europeanmemories.net\/magazine\/wp-content\/uploads\/sites\/9\/2025\/12\/Photo_of_Colombus_Monument_taken_with_iPhone_13_Pro-91x150.jpg 91w, https:\/\/europeanmemories.net\/magazine\/wp-content\/uploads\/sites\/9\/2025\/12\/Photo_of_Colombus_Monument_taken_with_iPhone_13_Pro-768x1259.jpg 768w, https:\/\/europeanmemories.net\/magazine\/wp-content\/uploads\/sites\/9\/2025\/12\/Photo_of_Colombus_Monument_taken_with_iPhone_13_Pro-937x1536.jpg 937w, https:\/\/europeanmemories.net\/magazine\/wp-content\/uploads\/sites\/9\/2025\/12\/Photo_of_Colombus_Monument_taken_with_iPhone_13_Pro-1249x2048.jpg 1249w, https:\/\/europeanmemories.net\/magazine\/wp-content\/uploads\/sites\/9\/2025\/12\/Photo_of_Colombus_Monument_taken_with_iPhone_13_Pro-scaled.jpg 1561w\" sizes=\"auto, (max-width: 624px) 100vw, 624px\" \/><figcaption class=\"wp-element-caption\"><br><em>Columbus monument, Barcelona, July 2023. Source: RayAdvait,<\/em> <em>CC BY-SA 4.0, via Wikimedia Commons<\/em><\/figcaption><\/figure>\n\n\n\n<p>In Chapter 10, Rosal\u00eda Cornejo-Parriego explores artistic and literary representations of the Black child Luz adopted by the 13th Duchess of Alba, the possible model for Goya\u2019s La maja desnuda. She sets Goya\u2019s painting and drawing of Luz in the context of a European vogue for portraits of Black children as luxury possessions, and notes the stress on the Duchess\u2019s magnanimity in Enlightenment poet Quintana\u2019s poem to the child. Carmen Posadas\u2019 2016 novel La hija de Cayetana is seen as parodying the white savior narrative but ultimately buying into the myth of a benevolent Spanish colonialism.<\/p>\n\n\n\n<p>Chapters 11 and 12 comprise interviews with Afro-descendant cultural workers. In the first, Tania Safura Adam, director of Radio Africa and curator of many exhibitions on the African diaspora, rejects the term \u201cactivist\u201d and expresses skepticism about use of the term \u201cdecolonial\u201d. Her focus is on showcasing the musical scene across the African continent, creating awareness of African cultural creativity rather than on redressing victimization. In the second, Black British flamenco practitioner Yinka Esi Graves, of Ghanaian and Jamaican descent and since 2013 resident in Seville, describes how flamenco has helped her articulate the erasure of Black women.<\/p>\n\n\n\n<p>The final chapter continues this stress on Black creativity with the exploration of Africans\u2019 contribution to flamenco by Miguel \u00c1ngel Rosales, director of the 2016 documentary <em><a href=\"https:\/\/www.filmin.es\/pelicula\/gurumbe-canciones-de-tu-memoria-negra\" target=\"_blank\" rel=\"noopener\" title=\"\">Gurumb\u00e9. Canciones de tu memoria negra<\/a><\/em>. Rosales rejects prevailing assumptions that flamenco\u2019s African elements derive from the late nineteenth-century Hispanotropicalist assimilation of Caribbean rhythms, arguing that such assumptions erase the centuries old Afro-descendant presence in Spain thanks to slavery. He traces the history of Black Andalusian performers in the sixteenth to eighteenth centuries,<br>suggesting similarities with (but not origins in) musical expressions of the Afro-American diaspora.<\/p>\n\n\n\n<p>The book offers a wealth of information about Spain\u2019s involvement in slavery as well as about present-day Spanish attitudes towards it. Its structure\u2014leading from stories of abuse to accounts of Black creativity\u2014has been well thought out. The overall message is that much work remains to be done in Spain to produce public awareness of the country\u2019s slaveowning and slave-trading past. It is good to know that the volume will appear in Spanish translation.<\/p>\n\n\n\n<hr class=\"wp-block-separator has-alpha-channel-opacity\"\/>\n\n\n\n<div data-wp-interactive=\"core\/file\" class=\"wp-block-file\"><object data-wp-bind--hidden=\"!state.hasPdfPreview\" hidden class=\"wp-block-file__embed\" data=\"https:\/\/europeanmemories.net\/magazine\/wp-content\/uploads\/sites\/9\/2025\/12\/Eurom_magazine_9-12-review.pdf\" type=\"application\/pdf\" style=\"width:100%;height:600px\" aria-label=\"Embed of Eurom_magazine_9-12-review.\"><\/object><a id=\"wp-block-file--media-ce346e03-5412-4553-92de-02c7588dfb54\" href=\"https:\/\/europeanmemories.net\/magazine\/wp-content\/uploads\/sites\/9\/2025\/12\/Eurom_magazine_9-12-review.pdf\">Eurom_magazine_9-12-review<\/a><a href=\"https:\/\/europeanmemories.net\/magazine\/wp-content\/uploads\/sites\/9\/2025\/12\/Eurom_magazine_9-12-review.pdf\" class=\"wp-block-file__button wp-element-button\" download aria-describedby=\"wp-block-file--media-ce346e03-5412-4553-92de-02c7588dfb54\">Download<\/a><\/div>\n","protected":false},"excerpt":{"rendered":"<p>Akiko Tsuchiya and Aur\u00e9lie Vialette (eds.) Albany: State University of New York Press, 2025. 320 pp. ISBN 9798855800845 (hardback) A review by Jo Labanyi, New York University As the editors of this volume note, Spain has been slow to recognize the human rights abuses, including slavery, resulting from its former empire, in part because of &#8230;<\/p>\n","protected":false},"author":4,"featured_media":2155,"comment_status":"open","ping_status":"open","sticky":false,"template":"","format":"standard","meta":{"_monsterinsights_skip_tracking":false,"_monsterinsights_sitenote_active":false,"_monsterinsights_sitenote_note":"","_monsterinsights_sitenote_category":0,"_uf_show_specific_survey":0,"_uf_disable_surveys":false,"footnotes":""},"categories":[6],"tags":[190,539,531,246,540,153,111,538,306,530],"class_list":["post-2154","post","type-post","status-publish","format-standard","has-post-thumbnail","hentry","category-eurom-review","tag-africa","tag-america","tag-atlantic-slave-trade","tag-black-lives-matter","tag-memory-law","tag-observing-memories","tag-spain","tag-spanish-america","tag-tranistional-justice","tag-transatlantic-slave-trade"],"aioseo_notices":[],"_links":{"self":[{"href":"https:\/\/europeanmemories.net\/magazine\/wp-json\/wp\/v2\/posts\/2154","targetHints":{"allow":["GET"]}}],"collection":[{"href":"https:\/\/europeanmemories.net\/magazine\/wp-json\/wp\/v2\/posts"}],"about":[{"href":"https:\/\/europeanmemories.net\/magazine\/wp-json\/wp\/v2\/types\/post"}],"author":[{"embeddable":true,"href":"https:\/\/europeanmemories.net\/magazine\/wp-json\/wp\/v2\/users\/4"}],"replies":[{"embeddable":true,"href":"https:\/\/europeanmemories.net\/magazine\/wp-json\/wp\/v2\/comments?post=2154"}],"version-history":[{"count":3,"href":"https:\/\/europeanmemories.net\/magazine\/wp-json\/wp\/v2\/posts\/2154\/revisions"}],"predecessor-version":[{"id":2230,"href":"https:\/\/europeanmemories.net\/magazine\/wp-json\/wp\/v2\/posts\/2154\/revisions\/2230"}],"wp:featuredmedia":[{"embeddable":true,"href":"https:\/\/europeanmemories.net\/magazine\/wp-json\/wp\/v2\/media\/2155"}],"wp:attachment":[{"href":"https:\/\/europeanmemories.net\/magazine\/wp-json\/wp\/v2\/media?parent=2154"}],"wp:term":[{"taxonomy":"category","embeddable":true,"href":"https:\/\/europeanmemories.net\/magazine\/wp-json\/wp\/v2\/categories?post=2154"},{"taxonomy":"post_tag","embeddable":true,"href":"https:\/\/europeanmemories.net\/magazine\/wp-json\/wp\/v2\/tags?post=2154"}],"curies":[{"name":"wp","href":"https:\/\/api.w.org\/{rel}","templated":true}]}}