{"id":2110,"date":"2025-12-23T06:44:32","date_gmt":"2025-12-23T06:44:32","guid":{"rendered":"https:\/\/europeanmemories.net\/magazine\/?p=2110"},"modified":"2025-12-23T07:05:35","modified_gmt":"2025-12-23T07:05:35","slug":"1975-2025-fifty-years-on-celebrating-by-thinking-and-thinking-by-celebrating","status":"publish","type":"post","link":"https:\/\/europeanmemories.net\/magazine\/1975-2025-fifty-years-on-celebrating-by-thinking-and-thinking-by-celebrating\/","title":{"rendered":"1975-2025, Fifty Years On: Celebrating by thinking and thinking by celebrating"},"content":{"rendered":"\n<p><br><em><br><em><a href=\"https:\/\/mptmd.gob.es\/content\/dam\/mpt\/prensa\/actualidad\/noticias\/2025\/Enero\/20250107\/CURRICULUM_CG.pdf\" target=\"_blank\" rel=\"noopener\" title=\"\">Carmina Gustr\u00e1n Loscos<\/a><\/em><\/em>, <em>Commissioner for the Commemoration of \u201c<a href=\"https:\/\/espanaenlibertad.gob.es\" target=\"_blank\" rel=\"noopener\" title=\"\">Spain in Freedom: 50 years<\/a>\u201d<\/em><\/p>\n\n\n\n<p><em><strong>Cover image<\/strong>: Participants of the 5th Edition of Route to Exile were joined by Carmina Gustr\u00e1n Loscos, Commissioner of Spain in Freedom. 50 Years; \u00c1ngel V\u00edctor Torres P\u00e9rez, Minister of Territorial Policy and Democratic Memory; and Sira Abed Rego, Minister of Youth and Childhood during their visit to Argel\u00e8s-Sur-Mer. July, 2025<\/em><\/p>\n\n\n\n<p><strong>20 November 2025 marks the fiftieth anniversary of Francisco Franco\u2019s death. At the Commission of \u201cSpain in Freedom: 50 years\u201d, we focus on the possibilities that his passing created, on the long and difficult journey towards regaining freedom and democracy. In 2025, we remember the beginning of that collective achievement; we celebrate the prosperous, diverse and democratic nation that we have become. Also, we would like to invite all citizens to join us in reflecting on the future, on what kind of country and what kind of democracy we aspire to build together.<\/strong><\/p>\n\n\n\n<p>Commemorating 1975 is not about looking at the dictator, but rather looking at ordinary citizens, at the women and men who held strikes when they were forbidden, who turned parishes and neighbourhood associations into spaces of liberty, who opened classrooms and workshops in a country that wanted to live in freedom. It is to remember the thousands who died during and after the end of the dictatorship, victims of political violence \u2014 in prisons and summary executions, in demonstrations and violent attacks, in police custody and victims of terrorism. Fifty years later, the best tribute to that civic energy is not a complacent elegy, but an invitation to celebrate by thinking and to think by celebrating.<\/p>\n\n\n\n<p>We commemorate the year 1975 because that is when a window opens \u2014 a window of risks and opportunities, of fears and courage, which cannot be understood without the struggles that came before or the transformations that followed. If we focused on the first democratic elections after Franco\u2019s death in June 1977, or on the promulgation of the Spanish<br>Constitution in December 1978\u2014if we looked only at major laws and great men\u2014citizens would be reduced to background figures. And democracy, which is a collective task, would become the story of a few heroes. That is neither the memory we want nor the memory we need.<\/p>\n\n\n\n<p>The commemoration we propose is both critical and grateful. Critical, because it acknowledges silences and debts: victims without mourning, repressions rarely discussed, inequalities that persist. Grateful, because it recognizes that, with all its limits, democracy expanded rights and horizons. It is not about choosing one or the other but about holding both at once. Democratic maturity means precisely this: celebrating without denying and revisiting without demolishing. We understand democracy as an open, ongoing process, one that calls for knowledge and for spaces where dialogue and reflection can flourish. <\/p>\n\n\n\n<p>For all these reasons, our goals are threefold. Firstly, to understand and bring to light Spain\u2019s recent past, particularly the years of dictatorship and the transition to democracy. Secondly, to celebrate the progress that our country has made over the last five decades and to honour the countless anonymous citizens who made it possible. And thirdly, to foster dialogue and create spaces for reflection and discussion\u2014spaces to learn and to debate, to nurture critical thinking at a time when simplistic slogans, provocative ideas, and even hatred too often dominate.<\/p>\n\n\n\n<figure class=\"wp-block-image size-large is-resized\"><img loading=\"lazy\" decoding=\"async\" width=\"1024\" height=\"768\" src=\"http:\/\/europeanmemories.net\/magazine\/wp-content\/uploads\/sites\/9\/2025\/12\/1.20250424_133718-2-1024x768.jpg\" alt=\"Working Group on Education and Democracy\" class=\"wp-image-2120\" style=\"width:748px;height:auto\" srcset=\"https:\/\/europeanmemories.net\/magazine\/wp-content\/uploads\/sites\/9\/2025\/12\/1.20250424_133718-2-1024x768.jpg 1024w, https:\/\/europeanmemories.net\/magazine\/wp-content\/uploads\/sites\/9\/2025\/12\/1.20250424_133718-2-300x225.jpg 300w, https:\/\/europeanmemories.net\/magazine\/wp-content\/uploads\/sites\/9\/2025\/12\/1.20250424_133718-2-150x113.jpg 150w, https:\/\/europeanmemories.net\/magazine\/wp-content\/uploads\/sites\/9\/2025\/12\/1.20250424_133718-2-768x576.jpg 768w, https:\/\/europeanmemories.net\/magazine\/wp-content\/uploads\/sites\/9\/2025\/12\/1.20250424_133718-2-1536x1152.jpg 1536w, https:\/\/europeanmemories.net\/magazine\/wp-content\/uploads\/sites\/9\/2025\/12\/1.20250424_133718-2-2048x1536.jpg 2048w\" sizes=\"auto, (max-width: 1024px) 100vw, 1024px\" \/><figcaption class=\"wp-element-caption\">Working Group on Education and Democracy<\/figcaption><\/figure>\n\n\n\n<p>Achieving this objective requires the advancement of Public History, that is, the practice of applying historical research, methods, and interpretation beyond the academic setting, engaging diverse publics in the understanding, preservation, and use of the past. We must bring the university into the streets and the streets into the classroom: open archives, organize walks through sites of memory, debate with documents and with art, listen to testimonies without turning pain into spectacle. Public History is not an academic trend; it is a democratic necessity. And it is along these lines that we have been working over the past few months. We have four strategic areas of work:<\/p>\n\n\n\n<p>1) <strong>Official ceremonies and commemorations<\/strong> to remember, to repair \u2014 as far as possible \u2014 and to celebrate. To remember the deprivation of rights under Francoism and the struggle of so many anonymous individuals for freedom and democracy; to repair the harm done to the victims of the Franco dictatorship; and to celebrate how far we have come as a country over the past five decades. Commemorations, tributes, acts of remembrance and reparation, the initiation of proceedings to declare Sites of Democratic Memory, celebrations\u2026 Spaces, ultimately, for remembrance and education, for dignity and encounter.<\/p>\n\n\n\n<p>2) <strong>Youth and democracy<\/strong>, to open spaces for dialogue with new generations \u2014 with those born in democracy, with the youngest among us. To speak about the past, the present, and the future, and above all, to use this commemoration as an opportunity to strengthen and reaffirm democratic values, respect for others, and peaceful coexistence.<\/p>\n\n\n\n<p>3) <strong>Unsettling pasts, possible futures<\/strong>; to share with the wider public many of the findings from scholars and experts on Spain\u2019s recent past, particularly concerning the Franco dictatorship and the Transition. We aim to learn from international experiences, to reinterpret spaces associated with the dictatorship through collective reflection, to analyze the past as a site of trauma, and to reflect on the role of art as a tool of resistance and transformation.<\/p>\n\n\n\n<p>And 4) <strong>Popular memory\/memories<\/strong>, to make popular memory visible beyond official narratives, and to recognize both collective and individual memory as part of a plural perspective on memory. Within the framework of Public History\u2019s standards of rigour, we seek to highlight collective memory as a tool to open a dialogue with the events that led to democracy between 1975 and 2025, to analyze the current context and to imagine the new problems and dilemmas that will shape democracy in the next fifty years.<\/p>\n\n\n\n<figure class=\"wp-block-image size-large\"><img loading=\"lazy\" decoding=\"async\" width=\"1024\" height=\"683\" src=\"https:\/\/europeanmemories.net\/magazine\/wp-content\/uploads\/sites\/9\/2025\/12\/4.54441427780_a81b720c8e_o-1024x683.jpg\" alt=\"\" class=\"wp-image-2122\" srcset=\"https:\/\/europeanmemories.net\/magazine\/wp-content\/uploads\/sites\/9\/2025\/12\/4.54441427780_a81b720c8e_o-1024x683.jpg 1024w, https:\/\/europeanmemories.net\/magazine\/wp-content\/uploads\/sites\/9\/2025\/12\/4.54441427780_a81b720c8e_o-300x200.jpg 300w, https:\/\/europeanmemories.net\/magazine\/wp-content\/uploads\/sites\/9\/2025\/12\/4.54441427780_a81b720c8e_o-150x100.jpg 150w, https:\/\/europeanmemories.net\/magazine\/wp-content\/uploads\/sites\/9\/2025\/12\/4.54441427780_a81b720c8e_o-768x512.jpg 768w, https:\/\/europeanmemories.net\/magazine\/wp-content\/uploads\/sites\/9\/2025\/12\/4.54441427780_a81b720c8e_o-1536x1024.jpg 1536w, https:\/\/europeanmemories.net\/magazine\/wp-content\/uploads\/sites\/9\/2025\/12\/4.54441427780_a81b720c8e_o-2048x1366.jpg 2048w\" sizes=\"auto, (max-width: 1024px) 100vw, 1024px\" \/><figcaption class=\"wp-element-caption\"><br><em>Group photo from the Youth and Memory Engagement<\/em> <em>meeting at the University of Barcelona<\/em>, organized in collaboraiton with the EUROM<\/figcaption><\/figure>\n\n\n\n<p>We have programmed the film season Images for a Country in Freedom at the Filmoteca Espa\u00f1ola, launched the roundtable series The Conquest of Freedom of Expression (Club Siglo XXI), inaugurated exhibitions such as Of choruses, dances and oblivion (National Anthropology Museum), Eroding Franco and Inquietud. Libertad y Democracia, and advanced in the recognition of Places of Democratic Memory \u2014 from Madrid\u2019s El abrazo monument and Vitoria\u2019s San Francisco de As\u00eds church to sites of exile like Argel\u00e8s-sur-Mer and the tombs of Antonio Machado and Manuel Aza\u00f1a in France. We have taken part in international commemorations at Auschwitz and Mauthausen, supported the youth summer camp Route to Exile with youth institutions, and curated homages, concerts, and <em>debates from Le\u00f3n and Seville to Salamanca, C\u00f3rdoba, and Barcelona.<\/em> The events that followed \u2014 from the Festival du Cin\u00e9ma Espagnol in Nantes to the SSIFF program, from Europalia season in Brussels to civic routes and neighbourhood archives \u2014 gave this commemoration reach and European context.<\/p>\n\n\n\n<p>Memory demands proximity. It does not reside only in capitals or major museums; it lives in towns and neighbourhoods, in old factories and railway lines, in humble plaques and unmarked graves, in stories of exile and return. If commemoration is not local and decentralized, it reproduces the very inequalities it claims to challenge. That is why we value local networks \u2014 libraries, civic centres, memory associations, schools. There lies the real citizenry we want to reach out to. <\/p>\n\n\n\n<p>And it demands comparison. Portugal, Greece, and Spain share rhythms, repertoires, and dilemmas. When we look at ourselves in that Iberian and Mediterranean mirror, domestic noise lowers and the quality of argument rises. Memory, when opened to the European context, becomes de-provincialized and more useful: we learn with and from others, we recognize affinities and differences and we find new answers for old questions.<\/p>\n\n\n\n<p>Let us not idealize things: polarization exists. Memory touches nerves, which should not be sedated. But we must propose informed disagreement: plurality of voices, attention to evidence, care for those who suffered, and clear rules of engagement. Democracy is not unanimity; it is the art of turning enemies into adversaries. That must be learned and practiced. A well-curated exhibition, an urban route, a contextualized screening can do more for public conversation than a hundred social media trenches. <\/p>\n\n\n\n<figure class=\"wp-block-image size-large\"><img loading=\"lazy\" decoding=\"async\" width=\"1024\" height=\"768\" src=\"https:\/\/europeanmemories.net\/magazine\/wp-content\/uploads\/sites\/9\/2025\/12\/1.20250424_133718-2-1-1024x768.jpg\" alt=\"\" class=\"wp-image-2123\" srcset=\"https:\/\/europeanmemories.net\/magazine\/wp-content\/uploads\/sites\/9\/2025\/12\/1.20250424_133718-2-1-1024x768.jpg 1024w, https:\/\/europeanmemories.net\/magazine\/wp-content\/uploads\/sites\/9\/2025\/12\/1.20250424_133718-2-1-300x225.jpg 300w, https:\/\/europeanmemories.net\/magazine\/wp-content\/uploads\/sites\/9\/2025\/12\/1.20250424_133718-2-1-150x113.jpg 150w, https:\/\/europeanmemories.net\/magazine\/wp-content\/uploads\/sites\/9\/2025\/12\/1.20250424_133718-2-1-768x576.jpg 768w, https:\/\/europeanmemories.net\/magazine\/wp-content\/uploads\/sites\/9\/2025\/12\/1.20250424_133718-2-1-1536x1152.jpg 1536w, https:\/\/europeanmemories.net\/magazine\/wp-content\/uploads\/sites\/9\/2025\/12\/1.20250424_133718-2-1-2048x1536.jpg 2048w\" sizes=\"auto, (max-width: 1024px) 100vw, 1024px\" \/><figcaption class=\"wp-element-caption\"><br><em>Working Group on Education and Democracy<\/em>. Madrid, 2025.<\/figcaption><\/figure>\n\n\n\n<p>Technology is part of the challenge. Synthetic recreations and disinformation trivialize, distort, and divide. The answer cannot be fear or blind rejection; it must be curation. We seek to label what is recreated, explain contexts, provide students with tools to identify fake news, release reliable materials for teachers and communicators. The goal is not to replace experience with a screen, but to widen access responsibly. <\/p>\n\n\n\n<p>Finally, there is one symbol that speaks to us all: Cuelgamuros. Its re-signification cannot be solved with quick gestures. It requires history, ethics, and listening. We do not want to replace one symbol with another; we want to turn a difficult place into a civic classroom. That means public deliberation, participation of victims and experts, and pedagogical mediation that dignifies the visit. Doing it right will take time. Doing it wrong will cost us dearly. <\/p>\n\n\n\n<p>Today, fifty years after Franco was buried in Cuelgamuros, this anniversary aims at two simple but demanding things. First, we have to make space for everyone, even for those who think differently, because democracy is precisely that: the art of living in difference. Secondly, we have to leave a useful trace \u2014ensuring that every act, every event, every debate<br>leaves reusable materials, open archives, and tools for schools and communities. This commemoration should not be a peak of programming, but a capacity built for the future.<\/p>\n\n\n\n<p>In short, commemorating 1975 is remembering that freedom was not a given. It was built from below and sustained from above; debated in institutions and fought for in the streets; it was sung, written, filmed, suffered and celebrated. Let us<br>honour that complexity. Let us do it with rigour and joy, with memory and vision. Because democracy is not a trophy in a display case but rather it is a daily practice that must be learned, taught, cared for and, above all, exercised.<\/p>\n\n\n\n<hr class=\"wp-block-separator has-alpha-channel-opacity\"\/>\n\n\n\n<div data-wp-interactive=\"core\/file\" class=\"wp-block-file\"><object data-wp-bind--hidden=\"!state.hasPdfPreview\" hidden class=\"wp-block-file__embed\" data=\"https:\/\/europeanmemories.net\/magazine\/wp-content\/uploads\/sites\/9\/2025\/12\/Eurom_magazine_9-7-overview.pdf\" type=\"application\/pdf\" style=\"width:100%;height:600px\" aria-label=\"Embed of Eurom_magazine_9-7-overview.\"><\/object><a id=\"wp-block-file--media-f4392b9d-6fb2-4a6a-a440-6712d26500db\" href=\"https:\/\/europeanmemories.net\/magazine\/wp-content\/uploads\/sites\/9\/2025\/12\/Eurom_magazine_9-7-overview.pdf\">Eurom_magazine_9-7-overview<\/a><a href=\"https:\/\/europeanmemories.net\/magazine\/wp-content\/uploads\/sites\/9\/2025\/12\/Eurom_magazine_9-7-overview.pdf\" class=\"wp-block-file__button wp-element-button\" download aria-describedby=\"wp-block-file--media-f4392b9d-6fb2-4a6a-a440-6712d26500db\">Download<\/a><\/div>\n\n\n\n<p><\/p>\n","protected":false},"excerpt":{"rendered":"<p>By Carmina Gustr\u00e1n Loscos, Commissioner for the Commemoration of \u201cSpain in Freedom: 50 years\u201d. 20 November 2025 marks the fiftieth anniversary of Francisco Franco\u2019s death. At the Commission of \u201cSpain in Freedom: 50 years\u201d, we focus on the possibilities that his passing created, on the long and difficult journey towards regaining freedom and democracy. In 2025, we remember the beginning of that collective achievement; we celebrate the prosperous, diverse and democratic nation that we have become. Also, we would like to invite all citizens to join us in reflecting on the future, on what kind of country and what kind of democracy we aspire to build together.<\/p>\n","protected":false},"author":4,"featured_media":2119,"comment_status":"open","ping_status":"open","sticky":false,"template":"","format":"standard","meta":{"_monsterinsights_skip_tracking":false,"_monsterinsights_sitenote_active":false,"_monsterinsights_sitenote_note":"","_monsterinsights_sitenote_category":0,"_uf_show_specific_survey":0,"_uf_disable_surveys":false,"footnotes":""},"categories":[3],"tags":[535,121,536,153,111,516,537],"class_list":["post-2110","post","type-post","status-publish","format-standard","has-post-thumbnail","hentry","category-short-article","tag-50enlibertad","tag-democracy","tag-espana-en-libertad","tag-observing-memories","tag-spain","tag-spain-in-freedom","tag-transition-to-democracy"],"aioseo_notices":[],"_links":{"self":[{"href":"https:\/\/europeanmemories.net\/magazine\/wp-json\/wp\/v2\/posts\/2110","targetHints":{"allow":["GET"]}}],"collection":[{"href":"https:\/\/europeanmemories.net\/magazine\/wp-json\/wp\/v2\/posts"}],"about":[{"href":"https:\/\/europeanmemories.net\/magazine\/wp-json\/wp\/v2\/types\/post"}],"author":[{"embeddable":true,"href":"https:\/\/europeanmemories.net\/magazine\/wp-json\/wp\/v2\/users\/4"}],"replies":[{"embeddable":true,"href":"https:\/\/europeanmemories.net\/magazine\/wp-json\/wp\/v2\/comments?post=2110"}],"version-history":[{"count":6,"href":"https:\/\/europeanmemories.net\/magazine\/wp-json\/wp\/v2\/posts\/2110\/revisions"}],"predecessor-version":[{"id":2223,"href":"https:\/\/europeanmemories.net\/magazine\/wp-json\/wp\/v2\/posts\/2110\/revisions\/2223"}],"wp:featuredmedia":[{"embeddable":true,"href":"https:\/\/europeanmemories.net\/magazine\/wp-json\/wp\/v2\/media\/2119"}],"wp:attachment":[{"href":"https:\/\/europeanmemories.net\/magazine\/wp-json\/wp\/v2\/media?parent=2110"}],"wp:term":[{"taxonomy":"category","embeddable":true,"href":"https:\/\/europeanmemories.net\/magazine\/wp-json\/wp\/v2\/categories?post=2110"},{"taxonomy":"post_tag","embeddable":true,"href":"https:\/\/europeanmemories.net\/magazine\/wp-json\/wp\/v2\/tags?post=2110"}],"curies":[{"name":"wp","href":"https:\/\/api.w.org\/{rel}","templated":true}]}}