{"id":1976,"date":"2024-12-19T17:40:12","date_gmt":"2024-12-19T17:40:12","guid":{"rendered":"https:\/\/europeanmemories.net\/magazine\/?p=1976"},"modified":"2024-12-20T11:18:47","modified_gmt":"2024-12-20T11:18:47","slug":"summary-8","status":"publish","type":"post","link":"https:\/\/europeanmemories.net\/magazine\/summary-8\/","title":{"rendered":"Summary #8"},"content":{"rendered":"\n<p><strong><a href=\"https:\/\/europeanmemories.net\/magazine\/editorial-8\/\" title=\"\">EDITORIAL<\/a><\/strong><a href=\"https:\/\/europeanmemories.net\/magazine\/?p=1638\"> <\/a><\/p>\n\n\n\n<p><strong>DEEP VIEW<\/strong><\/p>\n\n\n\n<ul class=\"wp-block-list\">\n<li><a href=\"https:\/\/europeanmemories.net\/magazine\/history-and-memory-of-the-roma-genocide-under-nazism\/\">History and memory of the Roma genocide under Nazism<\/a>,<strong> Maria Sierra<\/strong><\/li>\n\n\n\n<li><a href=\"https:\/\/europeanmemories.net\/magazine\/on-the-margins-of-memory\/\">On the Margins of Memory<\/a>, <strong>Anja Ko\u017eul<\/strong><\/li>\n<\/ul>\n\n\n\n<p><strong>EUROPE INSIGHT<\/strong><\/p>\n\n\n\n<ul class=\"wp-block-list\">\n<li><a href=\"https:\/\/europeanmemories.net\/magazine\/martyred-villages-in-europe\/\">\u201cMartyred Villages\u201d in Europe<\/a>, <strong>St\u00e9phane Michonneau and Babeth Robert<\/strong><\/li>\n\n\n\n<li><a href=\"https:\/\/europeanmemories.net\/magazine\/democratising-the-memory-of-gusen\/\">Democratising the Memory of Gusen: The Participatory Process for the Creation of a New Memorial Space in Austria<\/a>, <strong>Christian D\u00fcrr<\/strong><\/li>\n<\/ul>\n\n\n\n<p><strong>INTERVIEW<\/strong><\/p>\n\n\n\n<ul class=\"wp-block-list\">\n<li><a href=\"https:\/\/europeanmemories.net\/magazine\/interview-with-patricio-guzman\"><a href=\"https:\/\/europeanmemories.net\/magazine\/mayki-gorosito\/\">Transforming trauma into testimony: Mayki Gorosito on the ESMA Museum\u2019s role in Memory, Justice, and Human Rights<\/a><\/a><\/li>\n<\/ul>\n\n\n\n<p><strong>OVERVIEW<\/strong><\/p>\n\n\n\n<ul class=\"wp-block-list\">\n<li><a href=\"https:\/\/europeanmemories.net\/magazine\/the-end-of-dictatorships-in-portugal-and-spain\/\">The End of Dictatorships in Portugal and Spain: Historical Contexts and Public Memories<\/a>, <strong>Andrea Tappi and Javier T\u00e9bar<\/strong><\/li>\n\n\n\n<li><a href=\"https:\/\/europeanmemories.net\/magazine\/spanish-migrant-and-exiled-women-in-the-french-resistance\/\">Spanish migrant and exiled women in the French Resistance. The construction of a memory between experiences and expectations<\/a>, <strong>Luiza Iordache C\u00e2rstea and Roc\u00edo Negrete Pe\u00f1a<\/strong><\/li>\n\n\n\n<li><a href=\"https:\/\/europeanmemories.net\/magazine\/the-mosaics-of-flight-in-forli\/\">The Mosaics of Flight by Angelo Canevari in Forl\u00ec<\/a>, <strong><strong>Mario Proli and Patrick Leech<\/strong><\/strong><\/li>\n\n\n\n<li><a href=\"https:\/\/europeanmemories.net\/magazine\/how-do-we-tell-what-has-happened-to-us\/\">How do we tell what has happened to us?<\/a>, <strong>Diana Castelblanco<br><\/strong><\/li>\n<\/ul>\n\n\n\n<p><strong>REVIEW<\/strong><\/p>\n\n\n\n<ul class=\"wp-block-list\">\n<li><a href=\"https:\/\/europeanmemories.net\/magazine\/national-museum-of-resistance-and-freedom-peniche-fortress\/\">Remembering the Struggle, Learning from the Past: The New National Museum of Resistance and Freedom \u2013 Peniche Fortress<\/a>, <strong>Ricard Conesa<\/strong><\/li>\n\n\n\n<li><a href=\"https:\/\/europeanmemories.net\/magazine\/the-skin-of-memorials\/\">The Skin of Memorials<\/a>, <strong>Yayo Aznar<\/strong><\/li>\n\n\n\n<li><a href=\"https:\/\/europeanmemories.net\/magazine\/shaping-revolutionary-memory\/\">Shaping Revolutionary Memory<\/a>, <strong>Daniel Palacios Gonz\u00e1lez<\/strong><\/li>\n\n\n\n<li><a href=\"https:\/\/europeanmemories.net\/magazine\/antoni-benaiges-the-teacher-who-promised-the-sea\/\">Hidden History, Living Memory: Antoni Benaiges in \u201cThe Teacher Who Promised the Sea\u201d<\/a>, <strong>David Gonz\u00e1lez<\/strong><br><\/li>\n<\/ul>\n\n\n\n<p><strong>SIGHTSEEING<\/strong><\/p>\n\n\n\n<ul class=\"wp-block-list\">\n<li><a href=\"https:\/\/europeanmemories.net\/magazine\/activating-archives-against-revisionism-denialism-and-propaganda\/\">Activating Archives Against Revisionism, Denialism and Propaganda<\/a>, <strong>Csaba Szil\u00e1gyi<\/strong><br><\/li>\n<\/ul>\n\n\n\n<figure class=\"wp-block-image size-full\"><img loading=\"lazy\" decoding=\"async\" width=\"596\" height=\"847\" src=\"http:\/\/europeanmemories.net\/magazine\/wp-content\/uploads\/sites\/9\/2024\/12\/Eurom_magazine_8-contra-portada.png\" alt=\"\" class=\"wp-image-1978\" srcset=\"https:\/\/europeanmemories.net\/magazine\/wp-content\/uploads\/sites\/9\/2024\/12\/Eurom_magazine_8-contra-portada.png 596w, https:\/\/europeanmemories.net\/magazine\/wp-content\/uploads\/sites\/9\/2024\/12\/Eurom_magazine_8-contra-portada-211x300.png 211w, https:\/\/europeanmemories.net\/magazine\/wp-content\/uploads\/sites\/9\/2024\/12\/Eurom_magazine_8-contra-portada-106x150.png 106w\" sizes=\"auto, (max-width: 596px) 100vw, 596px\" \/><\/figure>\n","protected":false},"excerpt":{"rendered":"<p>EDITORIAL DEEP VIEW EUROPE INSIGHT INTERVIEW OVERVIEW REVIEW SIGHTSEEING<\/p>\n","protected":false},"author":4,"featured_media":0,"comment_status":"open","ping_status":"open","sticky":false,"template":"","format":"standard","meta":{"_monsterinsights_skip_tracking":false,"_monsterinsights_sitenote_active":false,"_monsterinsights_sitenote_note":"","_monsterinsights_sitenote_category":0,"_uf_show_specific_survey":0,"_uf_disable_surveys":false,"footnotes":""},"categories":[364],"tags":[],"class_list":["post-1976","post","type-post","status-publish","format-standard","hentry","category-summary"],"aioseo_notices":[],"_links":{"self":[{"href":"https:\/\/europeanmemories.net\/magazine\/wp-json\/wp\/v2\/posts\/1976","targetHints":{"allow":["GET"]}}],"collection":[{"href":"https:\/\/europeanmemories.net\/magazine\/wp-json\/wp\/v2\/posts"}],"about":[{"href":"https:\/\/europeanmemories.net\/magazine\/wp-json\/wp\/v2\/types\/post"}],"author":[{"embeddable":true,"href":"https:\/\/europeanmemories.net\/magazine\/wp-json\/wp\/v2\/users\/4"}],"replies":[{"embeddable":true,"href":"https:\/\/europeanmemories.net\/magazine\/wp-json\/wp\/v2\/comments?post=1976"}],"version-history":[{"count":5,"href":"https:\/\/europeanmemories.net\/magazine\/wp-json\/wp\/v2\/posts\/1976\/revisions"}],"predecessor-version":[{"id":1987,"href":"https:\/\/europeanmemories.net\/magazine\/wp-json\/wp\/v2\/posts\/1976\/revisions\/1987"}],"wp:attachment":[{"href":"https:\/\/europeanmemories.net\/magazine\/wp-json\/wp\/v2\/media?parent=1976"}],"wp:term":[{"taxonomy":"category","embeddable":true,"href":"https:\/\/europeanmemories.net\/magazine\/wp-json\/wp\/v2\/categories?post=1976"},{"taxonomy":"post_tag","embeddable":true,"href":"https:\/\/europeanmemories.net\/magazine\/wp-json\/wp\/v2\/tags?post=1976"}],"curies":[{"name":"wp","href":"https:\/\/api.w.org\/{rel}","templated":true}]}}