{"id":1727,"date":"2023-12-21T15:59:26","date_gmt":"2023-12-21T15:59:26","guid":{"rendered":"https:\/\/europeanmemories.net\/magazine\/?p=1727"},"modified":"2023-12-21T15:59:33","modified_gmt":"2023-12-21T15:59:33","slug":"the-memorial-is-the-process-les-corts-womens-prison","status":"publish","type":"post","link":"https:\/\/europeanmemories.net\/magazine\/the-memorial-is-the-process-les-corts-womens-prison\/","title":{"rendered":"The memorial is the process: Les Corts women\u2019s prison"},"content":{"rendered":"\n<p><strong>Ricard Conesa S\u00e1nchez<\/strong><br>Historian and project officer at the EUROM<\/p>\n\n\n\n<p><em>Cover picture: The Memorial Site of the Les Corts\u2019 Women Prison was inaugurated in 2019, after years of work and vindication by the Platform Future Monument Pres\u00f3 de dones de les Corts. Barcelona City Council.<\/em><\/p>\n\n\n\n<p>On 14 December 2019, the monument dedicated to the now defunct women\u2019s prison in the Barcelona neighbourhood of Les Corts was inaugurated. However, the monument does not claim to be \u201cthe memorial\u201d. Instead, the memorial is everything that surrounds it. It is the place and the connection it has established with those who gather there on a regular basis to engage in a myriad of activities, as Jordi Guix\u00e9 explains at the beginning of this book, the memorial is the process, and this process has been underway for some time now.<\/p>\n\n\n\n<p>Fernando Hern\u00e1ndez Holgado, historian at the Complutense University of Madrid (UCM), specialist in the field of women\u2019s prisons under the Franco dictatorship, contributes a key chapter to the book, a chapter on the history of Les Corts women\u2019s prison. From the prison\u2019s predecessor (the Amalia Prison) to its closure in 1955, its demolition and the construction of a large shopping centre that opened in 1974 on the site of the former prison. The republican penitentiary reform, like so many others, was cut short by General Franco\u2019s failed coup d\u2019\u00e9tat and the outbreak of the Spanish Civil War in 1936, the same year that the prison first opened. Its beginnings were marked by the conflict in the Republican rearguard, with political prisoners of all kinds, from collaborators with the rebel side to anti-fascist victims of reprisals (anarchists and Trotskyists). Nevertheless, the situation would bear no comparison to the inhumane conditions that would be endured once Franco\u2019s troops entered the city in 1939 \u2013 although the building was originally intended to accommodate around one hundred inmates, the peak of its occupancy was reached in August that same year, when it held 1,806 women and 43 children. Hern\u00e1ndez painstakingly documents the type of prisoners incarcerated (political, common, foreign, those who were shot or died of illness), the cruel governance of the Daughters of Charity of Saint Vincent de Paul, and the incidents involving the prisoners\u2019 resistance and self-organisation, as well as their escape attempts.<\/p>\n\n\n\n<figure class=\"wp-block-image size-full\"><img loading=\"lazy\" decoding=\"async\" width=\"681\" height=\"1024\" src=\"https:\/\/europeanmemories.net\/magazine\/wp-content\/uploads\/sites\/9\/2023\/12\/un_lugar_inacabado1024_1.jpg\" alt=\"\" class=\"wp-image-1729\" srcset=\"https:\/\/europeanmemories.net\/magazine\/wp-content\/uploads\/sites\/9\/2023\/12\/un_lugar_inacabado1024_1.jpg 681w, https:\/\/europeanmemories.net\/magazine\/wp-content\/uploads\/sites\/9\/2023\/12\/un_lugar_inacabado1024_1-200x300.jpg 200w, https:\/\/europeanmemories.net\/magazine\/wp-content\/uploads\/sites\/9\/2023\/12\/un_lugar_inacabado1024_1-100x150.jpg 100w, https:\/\/europeanmemories.net\/magazine\/wp-content\/uploads\/sites\/9\/2023\/12\/un_lugar_inacabado1024_1-610x917.jpg 610w\" sizes=\"auto, (max-width: 681px) 100vw, 681px\" \/><\/figure>\n\n\n\n<p>While Hern\u00e1ndez Holgado presents the history of the women\u2019s prison, N\u00faria Ricart documents in her chapter the commemorative events and actions that have taken place in its memory. Professor of Fine Arts at the University of Barcelona, Ricart is a specialist in monuments and memorial spaces in the public space. This is also demonstrated in her recently published and outstanding book, <em>Arte p\u00fablico y memoria. Lenguaje y transmisi\u00f3n en los monumentos a las v\u00edctimas <\/em>[Public Art and Memory. Language and transmission in monuments to victims]. Since 2006, with the construction of the website <a href=\"http:\/\/www.presodelescorts.org\">www.presodelescorts.org<\/a> by the Associaci\u00f3 per la Cultura i la Mem\u00f2ria de Catalunya (ACME, Catalan Association for Culture and Memory) and the various unsuccessful attempts to mark the site \u2013 then unmarked and utterly invisible to the public \u2013 a process fraught with ups and downs began, with relentless efforts by different groups to keep the memory of the site alive. The shopping centre\u2019s endeavour (with the support of the district) to appease the demands with a small, hidden plaque bearing an aseptic text in 2010 only further fuelled the flames and prompted the different groups involved to rally together even more. Seminars, activities, tours, performances, plays, documentary screenings, street marking, book presentations, commemorations every 8 March and 14 April&#8230; a broad process of citizen participation driven by the Plataforma Futuro Monumento C\u00e1rcel de Les Corts [Platform for the Future Monument to Les Corts Women\u2019s Prison], founded in 2013, whose extensive programme of activities over the last few years is recorded on its <a href=\"https:\/\/presodedones.wordpress.com\/\">blog<\/a>. One of the high points was the installation of five monoliths in 2015, on the corner of Carrer G\u00fcell and Carrer Europa, where the monument would be inaugurated four years later: a redesign of the same space conceptualised by the team led by N\u00faria Ricart herself, whose main focus would be six huge rocks of different origins from the peninsula, from the same place where many of the prisoners came from. Nonetheless, as the authors emphasise \u2013 and as the people who breathe life into it day after day confirm \u2013 this is not a monument marking the end, it is just another step, the memorial is the process, and this site remains \u2013 and must remain \u2013 an unfinished place.<\/p>\n\n\n\n<p>RICART, N\u00faria; GUIX\u00c9, Jordi; HERN\u00c1NDEZ, Fernando (2022) <em>Un lugar inacabado. Espacio de memoria, Monumento C\u00e1rcel de Mujeres de Les Corts<\/em>. Valencia: Publicacions de la Universitat de Val\u00e8ncia.RICART, N\u00faria (2022) <em>Arte p\u00fablico y memoria. Lenguaje y transmisi\u00f3n en los monumentos a las v\u00edctimas<\/em>. Madrid: Catarata.<\/p>\n\n\n\n<hr class=\"wp-block-separator has-alpha-channel-opacity\"\/>\n\n\n\n<div data-wp-interactive=\"core\/file\" class=\"wp-block-file\"><object data-wp-bind--hidden=\"!state.hasPdfPreview\" hidden class=\"wp-block-file__embed\" data=\"https:\/\/europeanmemories.net\/magazine\/wp-content\/uploads\/sites\/9\/2023\/12\/Eurom_magazine_7-15_p90-91.pdf\" type=\"application\/pdf\" style=\"width:100%;height:600px\" aria-label=\"Embed of Eurom_magazine_7-15_p90-91.\"><\/object><a id=\"wp-block-file--media-1bdf40fb-0cc5-474e-9796-0f8dfee9aa4e\" href=\"https:\/\/europeanmemories.net\/magazine\/wp-content\/uploads\/sites\/9\/2023\/12\/Eurom_magazine_7-15_p90-91.pdf\">Eurom_magazine_7-15_p90-91<\/a><a href=\"https:\/\/europeanmemories.net\/magazine\/wp-content\/uploads\/sites\/9\/2023\/12\/Eurom_magazine_7-15_p90-91.pdf\" class=\"wp-block-file__button wp-element-button\" download aria-describedby=\"wp-block-file--media-1bdf40fb-0cc5-474e-9796-0f8dfee9aa4e\">Download<\/a><\/div>\n","protected":false},"excerpt":{"rendered":"<p>Ricard Conesa S\u00e1nchezHistorian and project officer at the EUROM Cover picture: The Memorial Site of the Les Corts\u2019 Women Prison was inaugurated in 2019, after years of work and vindication by the Platform Future Monument Pres\u00f3 de dones de les Corts. Barcelona City Council. On 14 December 2019, the monument dedicated to the now defunct &#8230;<\/p>\n","protected":false},"author":4,"featured_media":1728,"comment_status":"open","ping_status":"open","sticky":false,"template":"","format":"standard","meta":{"_monsterinsights_skip_tracking":false,"_monsterinsights_sitenote_active":false,"_monsterinsights_sitenote_note":"","_monsterinsights_sitenote_category":0,"_uf_show_specific_survey":0,"_uf_disable_surveys":false,"footnotes":""},"categories":[6],"tags":[],"class_list":["post-1727","post","type-post","status-publish","format-standard","has-post-thumbnail","hentry","category-eurom-review"],"aioseo_notices":[],"_links":{"self":[{"href":"https:\/\/europeanmemories.net\/magazine\/wp-json\/wp\/v2\/posts\/1727","targetHints":{"allow":["GET"]}}],"collection":[{"href":"https:\/\/europeanmemories.net\/magazine\/wp-json\/wp\/v2\/posts"}],"about":[{"href":"https:\/\/europeanmemories.net\/magazine\/wp-json\/wp\/v2\/types\/post"}],"author":[{"embeddable":true,"href":"https:\/\/europeanmemories.net\/magazine\/wp-json\/wp\/v2\/users\/4"}],"replies":[{"embeddable":true,"href":"https:\/\/europeanmemories.net\/magazine\/wp-json\/wp\/v2\/comments?post=1727"}],"version-history":[{"count":3,"href":"https:\/\/europeanmemories.net\/magazine\/wp-json\/wp\/v2\/posts\/1727\/revisions"}],"predecessor-version":[{"id":1784,"href":"https:\/\/europeanmemories.net\/magazine\/wp-json\/wp\/v2\/posts\/1727\/revisions\/1784"}],"wp:featuredmedia":[{"embeddable":true,"href":"https:\/\/europeanmemories.net\/magazine\/wp-json\/wp\/v2\/media\/1728"}],"wp:attachment":[{"href":"https:\/\/europeanmemories.net\/magazine\/wp-json\/wp\/v2\/media?parent=1727"}],"wp:term":[{"taxonomy":"category","embeddable":true,"href":"https:\/\/europeanmemories.net\/magazine\/wp-json\/wp\/v2\/categories?post=1727"},{"taxonomy":"post_tag","embeddable":true,"href":"https:\/\/europeanmemories.net\/magazine\/wp-json\/wp\/v2\/tags?post=1727"}],"curies":[{"name":"wp","href":"https:\/\/api.w.org\/{rel}","templated":true}]}}