{"id":1395,"date":"2022-12-20T08:39:27","date_gmt":"2022-12-20T08:39:27","guid":{"rendered":"https:\/\/europeanmemories.net\/magazine\/?p=1395"},"modified":"2023-01-17T16:29:57","modified_gmt":"2023-01-17T16:29:57","slug":"summary-6","status":"publish","type":"post","link":"https:\/\/europeanmemories.net\/magazine\/summary-6\/","title":{"rendered":"Summary #6"},"content":{"rendered":"\n<p><a href=\"https:\/\/europeanmemories.net\/magazine\/editorial-6\/\" data-type=\"URL\" data-id=\"editorial-6\" target=\"_blank\" rel=\"noreferrer noopener\"><strong>EDITORIAL <\/strong><\/a>by Jordi Guix\u00e9, Director of EUROM<\/p>\n\n\n\n<p><strong>DEEP VIEW<\/strong><\/p>\n\n\n\n<ul class=\"wp-block-list\">\n<li><a href=\"https:\/\/europeanmemories.net\/magazine\/talking-about-rose-justice-and-memory-in-chad\/\" target=\"_blank\" rel=\"noreferrer noopener\">Talking about Rose: justice and memory in Chad, by Reed Brody<\/a><\/li>\n<\/ul>\n\n\n\n<p><strong>EUROPE INSIGHT<\/strong><\/p>\n\n\n\n<ul class=\"wp-block-list\">\n<li><a href=\"https:\/\/europeanmemories.net\/magazine\/in-the-wake-of-the-24th-february-russian-invasion-of-ukraine-geopolitics-history-and-memory\/\" target=\"_blank\" rel=\"noreferrer noopener\">In the wake of the 24th-February Russian invasion of Ukraine: geopolitics, history and memory, by Georges Mink<\/a><\/li>\n\n\n\n<li><a href=\"https:\/\/europeanmemories.net\/magazine\/legacies-of-the-trans-atlantic-slave-trade-in-europe-time-for-a-continental-reckoning\/\" target=\"_blank\" rel=\"noreferrer noopener\">Legacies of the transatlantic slave trade in Europe: Time for a continental reckoning?, by Marie-Louise Jansen<\/a><\/li>\n<\/ul>\n\n\n\n<p><strong>INTERVIEW<\/strong><\/p>\n\n\n\n<ul class=\"wp-block-list\">\n<li><a href=\"https:\/\/europeanmemories.net\/magazine\/trumpism-as-a-social-movement-is-a-new-form-of-fascism\/\" target=\"_blank\" rel=\"noreferrer noopener\">Andreas Huyssen: Trumpism as a social movement is a new form of fascism<\/a><\/li>\n<\/ul>\n\n\n\n<p><strong>OVERVIEW<\/strong><\/p>\n\n\n\n<ul class=\"wp-block-list\">\n<li><a href=\"https:\/\/europeanmemories.net\/magazine\/counter-conduct-in-the-museum-or-the-practice-of-academic-iconoclasm\/\" data-type=\"URL\" data-id=\"counter-conduct-in-the-museum-or-the-practice-of-academic-iconoclasm\" target=\"_blank\" rel=\"noreferrer noopener\">Counter-Conduct in the Museum, or the Practice of Academic Iconoclasm, by Cl\u00e9mentine Deliss<\/a><\/li>\n\n\n\n<li><a href=\"https:\/\/europeanmemories.net\/magazine\/monuments-and-protests-disputed-memory-in-the-latin-american-public-space\/\" target=\"_blank\" rel=\"noreferrer noopener\">Monuments and protests: Disputed memory in the Latin American Public Space, by Claudia Wasserman<\/a><\/li>\n\n\n\n<li><a href=\"https:\/\/europeanmemories.net\/magazine\/whatever-happened-to-all-the-heroes\/\" target=\"_blank\" rel=\"noreferrer noopener\">Whatever happened to all the heroes?, by Keith Lowe<\/a><\/li>\n\n\n\n<li><a href=\"https:\/\/europeanmemories.net\/magazine\/dark-rooms-bright-memories\/\" target=\"_blank\" rel=\"noreferrer noopener\">Dark rooms\u2013Bright memories, by Thomas Reider and Bernhard Steinmann<\/a><\/li>\n\n\n\n<li><a href=\"https:\/\/europeanmemories.net\/magazine\/reparation-for-colonialism-the-long-road-to-historical-justice-in-spain\/\" target=\"_blank\" rel=\"noreferrer noopener\">Reparation for colonialism? The long road to historical justice in Spain, by Celeste Mu\u00f1oz and Sarai Mart\u00edn<\/a><\/li>\n<\/ul>\n\n\n\n<p><strong>REVIEW<\/strong><\/p>\n\n\n\n<ul class=\"wp-block-list\">\n<li><a href=\"https:\/\/europeanmemories.net\/magazine\/book-memory-activism-and-digital-practices-after-conflict-unwanted-memories\/\" data-type=\"URL\" data-id=\"book-memory-activism-and-digital-practices-after-conflict-unwanted-memories\" target=\"_blank\" rel=\"noreferrer noopener\">Book: Memory Activism and Digital Practices after Conflict: Unwanted Memories, by Dasa Duhacek<\/a><\/li>\n\n\n\n<li><a href=\"https:\/\/europeanmemories.net\/magazine\/book-la-secreta-de-franco-la-brigada-politico-social-durante-la-dictadura\/\" target=\"_blank\" rel=\"noreferrer noopener\">Book: La secreta de Franco, by Ricard Conesa<\/a><\/li>\n\n\n\n<li><a href=\"https:\/\/europeanmemories.net\/magazine\/movie-cancion-a-una-dama-en-la-sombra\/\" target=\"_blank\" rel=\"noreferrer noopener\">Film: Canci\u00f3n a una dama en la sombra, by Carolina Astudillo<\/a><\/li>\n<\/ul>\n\n\n\n<p><strong>SIGHTSEEING<\/strong><\/p>\n\n\n\n<ul class=\"wp-block-list\">\n<li><a href=\"https:\/\/europeanmemories.net\/magazine\/francos-repression-in-navarre-through-its-spaces-of-remembrance\/\" target=\"_blank\" rel=\"noreferrer noopener\">Franco\u2019s repression in Navarre through its spaces of remembrance, by Jos\u00e9 Miguel Gast\u00f3n Aguas and C\u00e9sar Layana Ilundain<\/a><\/li>\n<\/ul>\n\n\n\n<hr class=\"wp-block-separator has-alpha-channel-opacity\"\/>\n\n\n\n<figure class=\"wp-block-image size-large\"><a href=\"https:\/\/joom.ag\/2N5d\"><img loading=\"lazy\" decoding=\"async\" width=\"724\" height=\"1024\" src=\"https:\/\/europeanmemories.net\/magazine\/wp-content\/uploads\/sites\/9\/2022\/12\/0001-724x1024.jpg\" alt=\"\" class=\"wp-image-1450\" srcset=\"https:\/\/europeanmemories.net\/magazine\/wp-content\/uploads\/sites\/9\/2022\/12\/0001-724x1024.jpg 724w, https:\/\/europeanmemories.net\/magazine\/wp-content\/uploads\/sites\/9\/2022\/12\/0001-212x300.jpg 212w, https:\/\/europeanmemories.net\/magazine\/wp-content\/uploads\/sites\/9\/2022\/12\/0001-106x150.jpg 106w, https:\/\/europeanmemories.net\/magazine\/wp-content\/uploads\/sites\/9\/2022\/12\/0001-768x1086.jpg 768w, https:\/\/europeanmemories.net\/magazine\/wp-content\/uploads\/sites\/9\/2022\/12\/0001-1086x1536.jpg 1086w, https:\/\/europeanmemories.net\/magazine\/wp-content\/uploads\/sites\/9\/2022\/12\/0001-1448x2048.jpg 1448w, https:\/\/europeanmemories.net\/magazine\/wp-content\/uploads\/sites\/9\/2022\/12\/0001-610x863.jpg 610w, https:\/\/europeanmemories.net\/magazine\/wp-content\/uploads\/sites\/9\/2022\/12\/0001-scaled.jpg 1811w\" sizes=\"auto, (max-width: 724px) 100vw, 724px\" \/><\/a><\/figure>\n","protected":false},"excerpt":{"rendered":"<p>Summary of the 6th issue<\/p>\n","protected":false},"author":4,"featured_media":0,"comment_status":"open","ping_status":"open","sticky":false,"template":"","format":"standard","meta":{"_monsterinsights_skip_tracking":false,"_monsterinsights_sitenote_active":false,"_monsterinsights_sitenote_note":"","_monsterinsights_sitenote_category":0,"_uf_show_specific_survey":0,"_uf_disable_surveys":false,"footnotes":""},"categories":[364],"tags":[153,375,376],"class_list":["post-1395","post","type-post","status-publish","format-standard","hentry","category-summary","tag-observing-memories","tag-observingmemories6","tag-om6"],"aioseo_notices":[],"_links":{"self":[{"href":"https:\/\/europeanmemories.net\/magazine\/wp-json\/wp\/v2\/posts\/1395","targetHints":{"allow":["GET"]}}],"collection":[{"href":"https:\/\/europeanmemories.net\/magazine\/wp-json\/wp\/v2\/posts"}],"about":[{"href":"https:\/\/europeanmemories.net\/magazine\/wp-json\/wp\/v2\/types\/post"}],"author":[{"embeddable":true,"href":"https:\/\/europeanmemories.net\/magazine\/wp-json\/wp\/v2\/users\/4"}],"replies":[{"embeddable":true,"href":"https:\/\/europeanmemories.net\/magazine\/wp-json\/wp\/v2\/comments?post=1395"}],"version-history":[{"count":10,"href":"https:\/\/europeanmemories.net\/magazine\/wp-json\/wp\/v2\/posts\/1395\/revisions"}],"predecessor-version":[{"id":1624,"href":"https:\/\/europeanmemories.net\/magazine\/wp-json\/wp\/v2\/posts\/1395\/revisions\/1624"}],"wp:attachment":[{"href":"https:\/\/europeanmemories.net\/magazine\/wp-json\/wp\/v2\/media?parent=1395"}],"wp:term":[{"taxonomy":"category","embeddable":true,"href":"https:\/\/europeanmemories.net\/magazine\/wp-json\/wp\/v2\/categories?post=1395"},{"taxonomy":"post_tag","embeddable":true,"href":"https:\/\/europeanmemories.net\/magazine\/wp-json\/wp\/v2\/tags?post=1395"}],"curies":[{"name":"wp","href":"https:\/\/api.w.org\/{rel}","templated":true}]}}