{"id":1382,"date":"2020-12-16T16:41:00","date_gmt":"2020-12-16T16:41:00","guid":{"rendered":"https:\/\/europeanmemories.net\/magazine\/?p=1382"},"modified":"2023-01-16T12:47:34","modified_gmt":"2023-01-16T12:47:34","slug":"summary-4","status":"publish","type":"post","link":"https:\/\/europeanmemories.net\/magazine\/summary-4\/","title":{"rendered":"Summary #4"},"content":{"rendered":"\n<p><strong><a rel=\"noreferrer noopener\" href=\"https:\/\/europeanmemories.net\/magazine\/editorial-4\/\" target=\"_blank\">EDITORIAL<\/a><\/strong> by Jordi Guix\u00e9, Director of EUROM<\/p>\n\n\n\n<p><strong>DEEP VIEW<\/strong><\/p>\n\n\n\n<p><a rel=\"noreferrer noopener\" href=\"https:\/\/europeanmemories.net\/magazine\/in-or-out-social-reaction-to-the-exhumation-of-franco-from-the-valle-de-los-caidos\/\" target=\"_blank\">In or out? Social reaction to the exhumation of Franco from the Valle de los Ca\u00eddos (Valley of<br>the Fallen)<\/a>, by Matilde Eiroa and Mariluz Congosto<\/p>\n\n\n\n<p><a rel=\"noreferrer noopener\" href=\"https:\/\/europeanmemories.net\/magazine\/online-memories-the-battle-over-online-memory-on-europe-day\/\" target=\"_blank\">Online Memories: The battle over online memory on Europe Day<\/a>, by Celeste Mu\u00f1oz<\/p>\n\n\n\n<p><strong>INTERVIEW<\/strong><\/p>\n\n\n\n<p>Marianne Hirsch: <a rel=\"noreferrer noopener\" href=\"https:\/\/europeanmemories.net\/magazine\/memory-studies-are-a-fruitful-site-to-think-citizenship-beyond-the-bounds-of-nation-states\/\" target=\"_blank\">Memory and citizenship beyond the bounds of nation-states<\/a><\/p>\n\n\n\n<p><strong>EUROPE INSIGHT<\/strong><\/p>\n\n\n\n<p><a rel=\"noreferrer noopener\" href=\"https:\/\/europeanmemories.net\/magazine\/learning-to-learn-from-history\/\" target=\"_blank\">Learning to learn from History,<\/a> by G\u00e9raldine Schwarz<\/p>\n\n\n\n<p><a rel=\"noreferrer noopener\" href=\"https:\/\/europeanmemories.net\/magazine\/can-the-past-change-the-future-a-sociological-reflection-about-what-memory-public-policies-actually-do\/\" target=\"_blank\">Can the past change the future? A sociological reflection about what memory public policies<br>actually do<\/a>, by Sarah Gensburger<\/p>\n\n\n\n<p><a rel=\"noreferrer noopener\" href=\"https:\/\/europeanmemories.net\/magazine\/commemorative-processes-in-spain-should-become-an-inescapable-part-of-a-common-european-memory\/\" target=\"_blank\">\u201cCommemorative processes in Spain should become an inescapable part of a common European memory\u201d<\/a>. An interview with Fernando Mart\u00ednez L\u00f3pez, Spain\u2019s State Secretary for Democratic Memory<\/p>\n\n\n\n<p><strong>OVERVIEW<\/strong><\/p>\n\n\n\n<p><a rel=\"noreferrer noopener\" href=\"https:\/\/europeanmemories.net\/magazine\/the-use-and-abuse-of-memories-of-the-working-class-in-21st-century-britain\/\" target=\"_blank\">The use and abuse of memories of the working class in 21st century Britain<\/a>, by Selina Todd<\/p>\n\n\n\n<p><a rel=\"noreferrer noopener\" href=\"https:\/\/europeanmemories.net\/magazine\/cultural-memory-of-yugoslav-volunteers-in-the-spanish-civil-war-1\/\" target=\"_blank\">Cultural Memory of Yugoslav Volunteers in the Spanish Civil War<\/a>, by Vjeran Pavlakovic<\/p>\n\n\n\n<p><a rel=\"noreferrer noopener\" href=\"https:\/\/europeanmemories.net\/magazine\/memory-works-on-memory-ethics-architecture\/\" target=\"_blank\">Memory-Works: On Memory, Ethics &amp; Architecture<\/a>, by Julian Bonder<\/p>\n\n\n\n<p><strong>REVIEW<\/strong><\/p>\n\n\n\n<p><a rel=\"noreferrer noopener\" href=\"https:\/\/europeanmemories.net\/magazine\/transitional-justice-in-comparative-perspective-preconditions-for-success\/\" target=\"_blank\">Book: Transitional justices in comparative perspective: preconditions for success<\/a>, by Lu\u00eds \u00c1ngel Gasca Trivi\u00f1o<\/p>\n\n\n\n<p><a rel=\"noreferrer noopener\" href=\"https:\/\/europeanmemories.net\/magazine\/the-multiple-forms-of-the-banalization-of-the-holocaust-the-memory-monster\/\" target=\"_blank\">Book: The multiple forms of the banalization of the Holocaust. The Memory Monster<\/a>, by David Gonz\u00e1lez<\/p>\n\n\n\n<p><a rel=\"noreferrer noopener\" href=\"https:\/\/europeanmemories.net\/magazine\/the-biddy-mason-memorial-park-and-the-importance-of-centennial-monuments-after-covid-19\/\" target=\"_blank\">The Biddy Mason memorial park and the importance of centennial monuments after COVID-19<\/a>, by Lu\u00eds \u00c1ngel Gasca Trivi\u00f1o<\/p>\n\n\n\n<p><a rel=\"noreferrer noopener\" href=\"https:\/\/europeanmemories.net\/magazine\/the-berlin-wall-trail-and-the-iron-curtain-trail\/\" target=\"_blank\">The Berlin Wall Trail and the Iron Curtain Trail<\/a>, by Michael Cramer<\/p>\n\n\n\n<p><strong>SIGHTSEEING<\/strong><\/p>\n\n\n\n<p><a href=\"https:\/\/europeanmemories.net\/magazine\/a-historical-memory-project-for-the-future-the-park-of-memory-monument-to-the-victims-of-state-terrorism\/\" target=\"_blank\" rel=\"noreferrer noopener\">A historical memory project for the future: Parque de la Memoria (Memory Park) \u2013<br>Monument to the Victims of State Terrorism<\/a>, by Nora Hochbaum<\/p>\n\n\n\n<hr class=\"wp-block-separator has-alpha-channel-opacity\"\/>\n\n\n\n<figure class=\"wp-block-image size-large\"><a href=\"https:\/\/joom.ag\/BlVC\"><img loading=\"lazy\" decoding=\"async\" width=\"724\" height=\"1024\" src=\"https:\/\/europeanmemories.net\/magazine\/wp-content\/uploads\/sites\/9\/2020\/12\/Eurom_magazine_4-OK-724x1024.jpg\" alt=\"\" class=\"wp-image-1185\" srcset=\"https:\/\/europeanmemories.net\/magazine\/wp-content\/uploads\/sites\/9\/2020\/12\/Eurom_magazine_4-OK-724x1024.jpg 724w, https:\/\/europeanmemories.net\/magazine\/wp-content\/uploads\/sites\/9\/2020\/12\/Eurom_magazine_4-OK-212x300.jpg 212w, https:\/\/europeanmemories.net\/magazine\/wp-content\/uploads\/sites\/9\/2020\/12\/Eurom_magazine_4-OK-106x150.jpg 106w, https:\/\/europeanmemories.net\/magazine\/wp-content\/uploads\/sites\/9\/2020\/12\/Eurom_magazine_4-OK-768x1086.jpg 768w, https:\/\/europeanmemories.net\/magazine\/wp-content\/uploads\/sites\/9\/2020\/12\/Eurom_magazine_4-OK-1086x1536.jpg 1086w, https:\/\/europeanmemories.net\/magazine\/wp-content\/uploads\/sites\/9\/2020\/12\/Eurom_magazine_4-OK.jpg 1240w\" sizes=\"auto, (max-width: 724px) 100vw, 724px\" \/><\/a><\/figure>\n","protected":false},"excerpt":{"rendered":"<p>Summary of the fourth issue<\/p>\n","protected":false},"author":4,"featured_media":0,"comment_status":"open","ping_status":"open","sticky":false,"template":"","format":"standard","meta":{"_monsterinsights_skip_tracking":false,"_monsterinsights_sitenote_active":false,"_monsterinsights_sitenote_note":"","_monsterinsights_sitenote_category":0,"_uf_show_specific_survey":0,"_uf_disable_surveys":false,"footnotes":""},"categories":[364],"tags":[153,372],"class_list":["post-1382","post","type-post","status-publish","format-standard","hentry","category-summary","tag-observing-memories","tag-om4"],"aioseo_notices":[],"_links":{"self":[{"href":"https:\/\/europeanmemories.net\/magazine\/wp-json\/wp\/v2\/posts\/1382","targetHints":{"allow":["GET"]}}],"collection":[{"href":"https:\/\/europeanmemories.net\/magazine\/wp-json\/wp\/v2\/posts"}],"about":[{"href":"https:\/\/europeanmemories.net\/magazine\/wp-json\/wp\/v2\/types\/post"}],"author":[{"embeddable":true,"href":"https:\/\/europeanmemories.net\/magazine\/wp-json\/wp\/v2\/users\/4"}],"replies":[{"embeddable":true,"href":"https:\/\/europeanmemories.net\/magazine\/wp-json\/wp\/v2\/comments?post=1382"}],"version-history":[{"count":3,"href":"https:\/\/europeanmemories.net\/magazine\/wp-json\/wp\/v2\/posts\/1382\/revisions"}],"predecessor-version":[{"id":1620,"href":"https:\/\/europeanmemories.net\/magazine\/wp-json\/wp\/v2\/posts\/1382\/revisions\/1620"}],"wp:attachment":[{"href":"https:\/\/europeanmemories.net\/magazine\/wp-json\/wp\/v2\/media?parent=1382"}],"wp:term":[{"taxonomy":"category","embeddable":true,"href":"https:\/\/europeanmemories.net\/magazine\/wp-json\/wp\/v2\/categories?post=1382"},{"taxonomy":"post_tag","embeddable":true,"href":"https:\/\/europeanmemories.net\/magazine\/wp-json\/wp\/v2\/tags?post=1382"}],"curies":[{"name":"wp","href":"https:\/\/api.w.org\/{rel}","templated":true}]}}