{"id":520,"date":"2017-11-13T14:15:50","date_gmt":"2017-11-13T14:15:50","guid":{"rendered":"http:\/\/europeanmemories.net\/frog\/?p=520"},"modified":"2017-11-23T10:23:54","modified_gmt":"2017-11-23T10:23:54","slug":"mapa-de-las-acciones-sobre-memoria-historica-en-gipuzkoa","status":"publish","type":"post","link":"https:\/\/europeanmemories.net\/frog\/2017\/11\/13\/mapa-de-las-acciones-sobre-memoria-historica-en-gipuzkoa\/","title":{"rendered":"MAPA de las ACCIONES de la Diputaci\u00f3n Foral de Gipuzkoa sobre MEMORIA  HIST\u00d3RICA en el Territorio"},"content":{"rendered":"<p style=\"text-align: justify;\"><em>Promovido por la Diputaci\u00f3n Foral de Gipuzkoa. R<\/em><em>ealizado por <span style=\"color: #eb7d4b;\"><a style=\"color: #eb7d4b;\" href=\"http:\/\/www.aranzadi.eus\/\" target=\"_blank\">Sociedad de Ciencias Aranzadi<\/a>.<\/span><\/em><\/p>\n<p style=\"text-align: justify;\"><strong>Autores:<\/strong> Olatz Retegi Rekalde (ARANZADI), Xabier Urmeneta Sanrom\u00e0 (DFG)<\/p>\n<p style=\"text-align: justify;\"><strong>Direcci\u00f3n:<\/strong> <span style=\"color: #eb7d4b;\"><a style=\"color: #eb7d4b;\" href=\"http:\/\/www.aranzadi.eus\/antropologia-fisica\/francisco-etxeberria-gabilondo\" target=\"_blank\">Paco Etxeberria Gabilondo<\/a><\/span> (UPV\/EHU)<\/p>\n<ul style=\"text-align: justify;\">\n<li><strong>INTRODUCCI\u00d3N<\/strong><\/li>\n<\/ul>\n<p style=\"text-align: justify;\">En 1936, Gipuzkoa<a href=\"#_ftn1\" name=\"_ftnref1\">[1]<\/a>, que es el territorio m\u00e1s peque\u00f1o de todo el Estado espa\u00f1ol y cuenta actualmente con unos 700 000 habitantes, no tuvo grandes batallas: ya el mismo 18 de julio, desde la colindante Navarra, se dirigieron tropas no regulares -fundamentalmente requet\u00e9s- hacia el territorio, y las poblaciones guipuzcoanas fueron cayendo paulatinamente en manos de los rebeldes hasta que se estabiliz\u00f3 el frente en los montes entre Gipuzkoa y Bizkaia a finales de septiembre de 1936. En resumen, se puede decir que la guerra dur\u00f3 en Gipuzkoa lo que dur\u00f3 el verano de 1936.<\/p>\n<p style=\"text-align: justify;\">Pero aunque su valor estrat\u00e9gico no era muy grande -si bien permit\u00eda controlar la frontera terrestre por Ir\u00fan, la frontera no quedaba todav\u00eda sellada al haber un gran tr\u00e1fico mar\u00edtimo con los pueblos hermanos del pa\u00eds vasco franc\u00e9s- s\u00ed tuvo gran importancia psicol\u00f3gica, por varios motivos: a) San Sebasti\u00e1n fue la primera capital de provincia \u201cconquistada\u201d militarmente, b) hab\u00eda sido corte de verano de la monarqu\u00eda, la nobleza y las representaciones extranjeras y c) por ser el lugar donde se hab\u00eda firmado el denominado <em>Pacto de San Sebasti\u00e1n<\/em>, que dio paso a la II Rep\u00fablica.<\/p>\n<p style=\"text-align: justify;\">Por ello, la represi\u00f3n subsiguiente fue tanto o m\u00e1s intensa que en otros lugares, en forma de ejecuciones sumarias, ejecuciones extrajudiciales, desapariciones forzosas, penas de muerte y de reclusi\u00f3n, represi\u00f3n socio-econ\u00f3mica incluyendo las depuraciones profesionales y del clero no adicto, etc. lo cual llev\u00f3 a mucha gente al exilio y \/ o a los campos de concentraci\u00f3n y a unas 60 personas de origen guipuzcoano a los campos nazis de exterminio.<\/p>\n<p style=\"text-align: justify;\">Por ello, la Diputaci\u00f3n Foral de Gipuzkoa quiso ya hace muchos a\u00f1os empezar a responder institucionalmente a una demanda social creciente y largamente postergada: la recuperaci\u00f3n de la Memoria Hist\u00f3rica y el reconocimiento del da\u00f1o causado a las v\u00edctimas de las vulneraciones de los derechos humanos. En ese sentido, desde su \u00e1rea de Derechos Humanos (hoy en d\u00eda <em>Direcci\u00f3n General de Convivencia y Derechos Humanos)<\/em>, la Diputaci\u00f3n viene apoyando desde hace a\u00f1os las iniciativas relacionadas con la recuperaci\u00f3n de la Memoria Hist\u00f3rica en el Territorio Hist\u00f3rico de Gipuzkoa y por otro lado haciendo los reconocimientos p\u00fablicos y oficiales a diferentes colectivos y\/o personas.<\/p>\n<p style=\"text-align: justify;\">Aunque hoy en d\u00eda este papel de estudio y conservaci\u00f3n de la Memoria Hist\u00f3rica se centraliza a nivel de toda la Comunidad Aut\u00f3noma Vasca en el <em>Instituto de la Memoria, la Convivencia y los Derechos Humanos \u201cGogora\u201d<\/em> (organismo p\u00fablico del Gobierno Vasco creado en 2015), la Diputaci\u00f3n Foral ha venido realizando desde hace varios a\u00f1os convocatorias p\u00fablicas espec\u00edficas de ayudas destinadas tanto a los ayuntamientos como a las asociaciones sin \u00e1nimo de lucro, para subvencionar investigaciones, publicaciones y actos de reconocimiento referidos a lo que fue el golpe de estado, la guerra civil y las consecuencias del franquismo.<\/p>\n<p style=\"text-align: justify;\">Estas investigaciones y \/ o reconocimientos se han realizado siempre desde la \u00f3ptica de los derechos humanos y m\u00e1s especialmente desde las recomendaciones de los organismos internacionales en referencia a los derechos que asisten a las v\u00edctimas: verdad, justicia y reparaci\u00f3n. Y m\u00e1s espec\u00edficamente en los de verdad y reparaci\u00f3n -aunque sea moral- para las v\u00edctimas del golpe de estado y del franquismo.<\/p>\n<p style=\"text-align: justify;\">Fue en el a\u00f1o 2014, cuando ya exist\u00eda una gran cantidad de trabajos realizados, que la <em>Sociedad de Ciencias Aranzadi<\/em> recibi\u00f3 el encargo de la Diputaci\u00f3n Foral de Gipuzkoa para recopilar todo lo realizado hasta el momento, anotando y clasificando toda la informaci\u00f3n existente y sus caracter\u00edsticas, con estos objetivos:<\/p>\n<p style=\"text-align: justify;\">a) conocer lo m\u00e1s exactamente posible qu\u00e9 actuaciones se hab\u00edan realizado<\/p>\n<p style=\"text-align: justify;\">b) reunir los materiales de los que se dispon\u00eda para crear una base de datos p\u00fablica y<\/p>\n<p style=\"text-align: justify;\">c) utilizar dicha informaci\u00f3n como base para dise\u00f1ar las acciones futuras sobre Memoria Hist\u00f3rica de Gipuzkoa.<\/p>\n<ul style=\"text-align: justify;\">\n<li><strong>METODOLOGIA<\/strong><\/li>\n<\/ul>\n<p style=\"text-align: justify;\">La recogida de informaci\u00f3n se plante\u00f3 en dos direcciones:<\/p>\n<p style=\"text-align: justify;\">a) a partir de listados e informaci\u00f3n de acciones realizadas a lo largo de estos a\u00f1os<\/p>\n<p style=\"text-align: justify;\">b) solicitando su colaboraci\u00f3n a todos los ayuntamientos y a todos los grupos memorialistas que se pudieron localizar, mediante una carta que se les envi\u00f3 explicando por un lado el objetivo del trabajo y por otro ofreci\u00e9ndose para hacer una entrevista personal si fuera necesario y para recoger el material.<\/p>\n<p style=\"text-align: justify;\">Las fuentes empleadas fueron las siguientes:<\/p>\n<ul>\n<li style=\"text-align: justify;\">Un listado incompleto recogido por Aranzadi durante a\u00f1os en el que aparecen algunas acciones y actuaciones.<\/li>\n<li style=\"text-align: justify;\">Los expedientes de los proyectos que ha realizado o en los que ha tomado parte Aranzadi durante a\u00f1os.<\/li>\n<li style=\"text-align: justify;\">P\u00e1ginas web o redes sociales de los grupos memorialistas.<\/li>\n<li style=\"text-align: justify;\">Las memorias de los trabajos realizados durante los \u00faltimos tres a\u00f1os en las convocatorias de subvenciones en materia de Memoria Hist\u00f3rica de Diputaci\u00f3n.<\/li>\n<li style=\"text-align: justify;\">Las memorias y listas de los trabajos realizados con el patrocinio y respaldo de los ayuntamientos de Gipuzkoa.<\/li>\n<li style=\"text-align: justify;\">Las diversas y variadas acciones que han llevado a cabo las asociaciones memorialistas.<\/li>\n<li style=\"text-align: justify;\">Algunas fuentes con diverso material que han generado el Ayuntamiento de Donostia, la Diputaci\u00f3n de Gipuzkoa, los distintos ayuntamiento, editoriales, asociaciones (publicaciones, informes, legislativo\u2026)<\/li>\n<\/ul>\n<p style=\"text-align: justify;\">Se trataba de localizar todos los trabajos, ya sean publicaciones, informes, encuentros, jornadas, homenajes, charlas, conferencias, material audiovisual, legislativo, escolar\u2026etc, llevado a cabo hasta la fecha, anotando: fecha de la acci\u00f3n, acci\u00f3n, autor, promotor, contenido, descripci\u00f3n e im\u00e1genes y\/o documentos asociados, para ordenar todas las acciones y obtener una imagen realista y de conjunto de la labor realizada.<\/p>\n<p style=\"text-align: justify;\">Con todo ello se realiz\u00f3 un informe y una Base de Datos (inicialmente en <em>File Maker<\/em> y posteriormente se ha trasladado a la p\u00e1gina web de la Diputaci\u00f3n Foral) con todo el material gr\u00e1fico e informes adicionales que nos indique claramente qu\u00e9 hay hecho hasta el momento.<\/p>\n<ul style=\"text-align: justify;\">\n<li><strong>CONTENIDOS<\/strong><\/li>\n<\/ul>\n<p style=\"text-align: justify;\">La base de datos se ha ido actualizando y es consultable, desde este a\u00f1o, en la p\u00e1gina web de la Direcci\u00f3n General.<\/p>\n<p style=\"text-align: justify;\">Las pantallas est\u00e1n dise\u00f1adas para hacer b\u00fasquedas seg\u00fan diferentes par\u00e1metros, que se pueden combinar entre s\u00ed:<\/p>\n<p style=\"text-align: justify;\">\u00a0\u00a0\u00a0\u00a0\u00a0\u00a0\u00a0\u00a0\u00a0\u00a0\u00a0 por Tipo de Acci\u00f3n<\/p>\n<p style=\"text-align: justify;\">\u00a0\u00a0\u00a0\u00a0\u00a0\u00a0\u00a0\u00a0\u00a0\u00a0\u00a0 por Fecha<\/p>\n<p style=\"text-align: justify;\">\u00a0\u00a0\u00a0\u00a0\u00a0\u00a0\u00a0\u00a0\u00a0\u00a0\u00a0 por Tema<\/p>\n<p style=\"text-align: justify;\">\u00a0\u00a0\u00a0\u00a0\u00a0\u00a0\u00a0\u00a0\u00a0\u00a0\u00a0 por Autor<\/p>\n<p style=\"text-align: justify;\">\u00a0\u00a0\u00a0\u00a0\u00a0\u00a0\u00a0\u00a0\u00a0\u00a0\u00a0 por Patrocinador<\/p>\n<p style=\"text-align: justify;\">\u00a0\u00a0\u00a0\u00a0\u00a0\u00a0\u00a0\u00a0\u00a0\u00a0\u00a0 por Localidad<\/p>\n<p style=\"text-align: justify;\">\u00a0\u00a0\u00a0\u00a0\u00a0\u00a0\u00a0\u00a0\u00a0\u00a0\u00a0 por Participantes<\/p>\n<p style=\"text-align: justify;\">\u00a0\u00a0\u00a0\u00a0\u00a0\u00a0\u00a0\u00a0\u00a0\u00a0\u00a0 por Cronolog\u00eda<\/p>\n<p style=\"text-align: justify;\">\u00a0\u00a0\u00a0\u00a0\u00a0\u00a0\u00a0\u00a0\u00a0\u00a0\u00a0 por Idioma<\/p>\n<p style=\"text-align: justify;\">\u00a0\u00a0\u00a0\u00a0\u00a0\u00a0\u00a0\u00a0\u00a0\u00a0\u00a0 por Origen de la informaci\u00f3n<\/p>\n<p style=\"text-align: justify;\">Las actuaciones recogidas, la primera de las cuales se remonta a 1968, son m\u00e1s de 1100 acciones de muchos tipos diferentes, de los cuales casi el 15% corresponden a homenajes institucionales, otro 15% corresponde a charlas y jornadas, otro 15% a libros publicados e investigaciones, y el resto a actuaciones m\u00e1s dispersas (actuaciones art\u00edsticas, audiovisuales, manifestaciones, actuaciones legislativas y\/o pol\u00edticas, etc).<\/p>\n<ul style=\"text-align: justify;\">\n<li><strong>CONCLUSIONES GENERALES<\/strong><\/li>\n<\/ul>\n<p style=\"text-align: justify;\">El inter\u00e9s de las asociaciones privadas (grupos memorialistas) y los ayuntamientos hacia la memoria hist\u00f3rica es un elemento que cada a\u00f1o est\u00e1 ganando mayor importancia a nivel social. En este sentido, la Diputaci\u00f3n Foral de Gipuzkoa tambi\u00e9n ha impulsado una pol\u00edtica memorialista institucional propia durante a\u00f1os. De las m\u00e1s de 1100 acciones recogidas en esta investigaci\u00f3n e incorporadas a la Base de Datos, cabe subrayar que la Diputaci\u00f3n ha respaldado m\u00e1s de una cuarta parte de ellas. Por ello y siguiendo las recomendaciones del Relator Especial de Naciones Unidas en las visitas efectuadas, es de vital importancia recalcar el esfuerzo que ya se est\u00e1 haciendo -como el que han desarrollado las instituciones guipuzcoanas, junto con la asociaciones y ayuntamientos del territorio guizpuzcoano- para la recuperaci\u00f3n de la Memoria Hist\u00f3rica, la reparaci\u00f3n, conocer la verdad y establecer justicia. Esto demuestra que cuando existe voluntad pol\u00edtica la recuperaci\u00f3n de la Memoria Hist\u00f3rica desde las instituciones es posible.<\/p>\n<p style=\"text-align: justify;\">Desde la perspectiva global que ofrece esta investigaci\u00f3n se aprecian varios aspectos sobre los que queremos detenernos.<\/p>\n<p style=\"text-align: justify;\">Uno de ellos es la existencia de diferencias comarcales seg\u00fan el tipo de acci\u00f3n y tema (homenajes, libros, documentales\u2026). Sin duda esto se debe a los diferentes impulsos muchas veces m\u00e9rito de personas concretas y de instituciones (p\u00fablicas y privadas) que han tenido mayor o menor sensibilidad para trabajar el tema. En todo caso, cosa bastante l\u00f3gica por otro lado, la comarca que m\u00e1s acciones ha realizado ha sido Donostialdea, teniendo en cuenta que Donostia \/ San Sebasti\u00e1n es la capital de la provincia. Al contrario, Debabarrena, Bidasoaldea y Debagoiena han sido las comarcas que menos acciones han realizado. Ello permite pensar en impulsar y\/o facilitar a los ayuntamientos e instituciones para programar acciones de investigaci\u00f3n y de reparaci\u00f3n sobre la memoria hist\u00f3rica en estas zonas territoriales.<\/p>\n<p style=\"text-align: justify;\">La investigaci\u00f3n tambi\u00e9n ha permitido comprobar que parte de la informaci\u00f3n realizada por algunas asociaciones se pierde con el paso del tiempo al desaparecer \u00e9stas o al no estar a disposici\u00f3n p\u00fablica lo que \u00e9stas han hecho. As\u00ed, hay \u201cmemoria\u201d de trabajos que se han hecho hace algunos a\u00f1os, pero que ahora ya no se consiguen localizar o ya no consta d\u00f3nde est\u00e1n disponibles.<\/p>\n<p style=\"text-align: justify;\">Dentro de las conclusiones generales, tambi\u00e9n se ha constatado la importancia de este tipo de actuaciones por varios motivos:<\/p>\n<ol>\n<li style=\"text-align: justify;\">para poner a disposici\u00f3n del p\u00fablico todo lo que se est\u00e1 haciendo, transmitiendo la importancia de la recuperaci\u00f3n de la memoria hist\u00f3rica<\/li>\n<li style=\"text-align: justify;\">para dar a conocer el trabajo que realizan las instituciones -como representantes p\u00fablicas de la ciudadan\u00eda- en la recuperaci\u00f3n y en el reconocimiento de las vulneraciones de los derechos humanos<\/li>\n<li style=\"text-align: justify;\">para facilitar a las personas y grupos que trabajan estos temas la informaci\u00f3n existente de forma que se puede hacer un efecto acumulativo al utilizar las investigaciones previas como base para las nuevas investigaciones, evitando al mismo tiempo posibles duplicidades<\/li>\n<li style=\"text-align: justify;\">para evitar la p\u00e9rdida de informaci\u00f3n ya que se puede convertir en un lugar p\u00fablico para depositar los trabajos realizados y que queden a disposici\u00f3n de las personas interesadas<\/li>\n<li style=\"text-align: justify;\">para que el panorama del territorio guipuzcoano sea en un futuro m\u00e1s homog\u00e9neo y completo, ya que permite hacer una revisi\u00f3n y\/o relectura de las acciones realizadas durante los \u00faltimos a\u00f1os que se deben complementar evitando solapamientos.<\/li>\n<\/ol>\n<p style=\"text-align: justify;\">Como conclusiones generales, tambi\u00e9n se puso de manifiesto que hay temas que todav\u00eda no han sido debidamente trabajados (en concreto son: el exilio, la mujer, el euskara, las ni\u00f1as y los ni\u00f1os de la guerra y la Marina Auxiliar de Euskadi). En cambio, a los temas de las v\u00edctimas del franquismo y del tiempo de guerra y el primer franquismo hasta 1945 se les ha dado m\u00e1s importancia a la hora de realizar proyectos y se puede considerar que son temas que est\u00e1n siendo tratados adecuadamente y de forma bastante completa. En ese sentido, y aprovechando esta circunstancia, pr\u00f3ximamente se pondr\u00e1 tambi\u00e9n a disposici\u00f3n de la ciudadan\u00eda la base de datos <em>Izen Guztiak<\/em> (\u201cTodos los nombres\u201d) que recoger\u00e1n las vulneraciones de derechos humanos de 1936 hasta 1945 de forma bastante exhaustiva -teniendo en cuenta que estas bases siempre son incompletas por las p\u00e9rdidas de informaci\u00f3n y de fuentes que se han dado, tanto por el tiempo transcurrido como por la falta de acceso a archivos que ser\u00edan claves para conocer lo que sucedi\u00f3.<\/p>\n<p style=\"text-align: justify;\">Finalmente, el poder ver el panorama completo permite valorar todav\u00eda m\u00e1s la necesidad de establecer un <em>Plan Director <\/em>redactado por una comisi\u00f3n de personas expertas, para establecer los criterios para determinar el inter\u00e9s de impulsar y financiar los futuros proyectos que puedan desarrollarse y por otro lado para poder evaluar las necesidades y carencias detectadas y establecer los criterios generales de actuaci\u00f3n de las instituciones en este campo.<\/p>\n<hr \/>\n<p style=\"text-align: justify;\"><a href=\"#_ftnref1\" name=\"_ftn1\">[1]<\/a>La denominaci\u00f3n oficial del Territorio es Gipuzkoa, el nombre en euskera.<\/p>\n<p>&nbsp;<\/p>\n","protected":false},"excerpt":{"rendered":"<p>Promovido por la Diputaci\u00f3n Foral de Gipuzkoa. Realizado por Sociedad de Ciencias Aranzadi. Autores: Olatz Retegi Rekalde (ARANZADI), Xabier Urmeneta Sanrom\u00e0 (DFG) Direcci\u00f3n: Paco Etxeberria Gabilondo (UPV\/EHU) INTRODUCCI\u00d3N En 1936, Gipuzkoa[1], que es el territorio m\u00e1s peque\u00f1o de todo el Estado espa\u00f1ol y cuenta actualmente con unos 700 000 habitantes, no tuvo grandes batallas: ya &#8230;<\/p>\n","protected":false},"author":4,"featured_media":0,"comment_status":"open","ping_status":"open","sticky":false,"template":"","format":"standard","meta":{"_monsterinsights_skip_tracking":false,"_monsterinsights_sitenote_active":false,"_monsterinsights_sitenote_note":"","_monsterinsights_sitenote_category":0,"_uf_show_specific_survey":0,"_uf_disable_surveys":false,"footnotes":""},"categories":[6],"tags":[],"class_list":["post-520","post","type-post","status-publish","format-standard","hentry","category-axis-2-remembrance-and-transmission"],"aioseo_notices":[],"_links":{"self":[{"href":"https:\/\/europeanmemories.net\/frog\/wp-json\/wp\/v2\/posts\/520","targetHints":{"allow":["GET"]}}],"collection":[{"href":"https:\/\/europeanmemories.net\/frog\/wp-json\/wp\/v2\/posts"}],"about":[{"href":"https:\/\/europeanmemories.net\/frog\/wp-json\/wp\/v2\/types\/post"}],"author":[{"embeddable":true,"href":"https:\/\/europeanmemories.net\/frog\/wp-json\/wp\/v2\/users\/4"}],"replies":[{"embeddable":true,"href":"https:\/\/europeanmemories.net\/frog\/wp-json\/wp\/v2\/comments?post=520"}],"version-history":[{"count":3,"href":"https:\/\/europeanmemories.net\/frog\/wp-json\/wp\/v2\/posts\/520\/revisions"}],"predecessor-version":[{"id":613,"href":"https:\/\/europeanmemories.net\/frog\/wp-json\/wp\/v2\/posts\/520\/revisions\/613"}],"wp:attachment":[{"href":"https:\/\/europeanmemories.net\/frog\/wp-json\/wp\/v2\/media?parent=520"}],"wp:term":[{"taxonomy":"category","embeddable":true,"href":"https:\/\/europeanmemories.net\/frog\/wp-json\/wp\/v2\/categories?post=520"},{"taxonomy":"post_tag","embeddable":true,"href":"https:\/\/europeanmemories.net\/frog\/wp-json\/wp\/v2\/tags?post=520"}],"curies":[{"name":"wp","href":"https:\/\/api.w.org\/{rel}","templated":true}]}}