{"id":502,"date":"2017-11-13T13:00:39","date_gmt":"2017-11-13T13:00:39","guid":{"rendered":"http:\/\/europeanmemories.net\/frog\/?p=502"},"modified":"2017-11-13T14:37:50","modified_gmt":"2017-11-13T14:37:50","slug":"la-ley-de-memoria-historica-no-cumple-con-el-dr-luis-calandre-ibanez","status":"publish","type":"post","link":"https:\/\/europeanmemories.net\/frog\/2017\/11\/13\/la-ley-de-memoria-historica-no-cumple-con-el-dr-luis-calandre-ibanez\/","title":{"rendered":"La ley de memoria hist\u00f3rica no cumple con el Dr. Luis Calandre Iba\u00f1ez"},"content":{"rendered":"<p style=\"text-align: justify;\"><strong>Cristina Calandre<\/strong><\/p>\n<p style=\"text-align: justify;\">Desde que se aprobara la conocida como Ley de la Memoria Hist\u00f3rica (Ley 52\/2007\/\u00a0 de 26 de diciembre), han sido varios los intentos de modificarla o mejorarla, debido a sus manifiestas\u00a0 deficiencias.<\/p>\n<p style=\"text-align: justify;\">Haciendo un breve resumen podemos enumerar:<\/p>\n<ol>\n<li style=\"text-align: justify;\">Abril del 2008: Proposici\u00f3n de Ley\u00a0 de reconocimiento de todas las v\u00edctimas de la dictadura y de recuperaci\u00f3n de la Memoria Hist\u00f3rica: 122\/000042. Presentada por el grupo parlamentario de\u00a0 Esquerra Republicana\u00a0 &#8211; Izquierda Unida \u2013ICV\u00a0 (no prospero )<\/li>\n<li style=\"text-align: justify;\">Junio del 2011: Proposici\u00f3n\u00a0 de Ley de modificaci\u00f3n de\u00a0 la Ley 52\/ 2007. Se modifica apartado 3 del art\u00edculo 3 , y\u00a0 art\u00edculo 12 presentada por\u00a0 ECR-IVC-IU (No prosper\u00f3)<\/li>\n<li style=\"text-align: justify;\">Abril del 2017: Proposici\u00f3n de Ley\u00a0 de reconocimiento de todas la v\u00edctimas del franquismo y d Recuperaci\u00f3n de la Memoria hist\u00f3rica. Presentado por ER- Retirado<\/li>\n<li style=\"text-align: justify;\">Mayo del 2017: Proposici\u00f3n de Ley de\u00a0 reconocimiento de todas la victimas del Franquismo y recuperaci\u00f3n de la Memoria Hist\u00f3rica. Presentado por ER-Deca\u00eddo.<\/li>\n<li style=\"text-align: justify;\">Julio del 2017: Proposici\u00f3n de Ley para la reparaci\u00f3n de las v\u00edctimas del franquismo mediante la declaraci\u00f3n de nulidad\u00a0 e ilegitimidad de los tribunales\u00a0 y las sentencias que dictaron. Presentada por PDeCAT.(pendiente )<\/li>\n<li style=\"text-align: justify;\">Julio del 2017: Proposici\u00f3n no de Ley sobre las sentencias contra el President de la Generalitat de Catalunya Lluis Companys y otras dictadas por los tribunales de la Dictadura. Presentada por el PSOE (aprobada el 12 de septiembre del 2017)<\/li>\n<\/ol>\n<p style=\"text-align: justify;\">Finalmente quiero se\u00f1alar la \u00fanica, hasta ahora, Proposici\u00f3n de\u00a0 Ley sobre este tema ha sido aprobada por el Parlament de Catalunya:<\/p>\n<p style=\"text-align: justify;\">7.\u201cLa ley de reparaci\u00f3n jur\u00eddica de las v\u00edctimas del Franquismo \u201caprobada por unanimidad el 29 de junio de 2017.\u201d Ley 11\/2017 (1)<\/p>\n<p style=\"text-align: justify;\">Se han anul\u00e1ndolos juicios pol\u00edticos del franquismo y la Transici\u00f3n perpetrados en Catalu\u00f1a, 66.590, por fin reparadas. Desde la p\u00e1gina web del\u00a0 Archivo Nacional de Catalu\u00f1a se puede acceder a todas las\u00a0 causas. Una herramienta de verdad, justicia y reparaci\u00f3n.<\/p>\n<p style=\"text-align: justify;\">Con esta Ley se pone fin a la impunidad\u00a0 en Catalu\u00f1a\u00a0 (que trajo la denominada Transici\u00f3n Democr\u00e1tica ocurrida en 1978, que olvid\u00f3 a las v\u00edctimas del franquismo\u00a0 y legaliz\u00f3 el franquismo , al aceptar a un monarca, Juan Carlos , nombrado por el dictador y que jur\u00f3 lealtad a los principios y leyes fundamentales del Reino el 23 de julio de 1969 y en 1975), posibilitando que se puedan solucionar los problemas existentes de legitimidad y legalidad del R\u00e9gimen postfranquista, surgido de 1978.<\/p>\n<p style=\"text-align: justify;\">Ahora se tratar\u00eda de extender dicha Ley contra la impunidad al resto de Espa\u00f1a, como\u00a0 propone el PDCAT en su Proposici\u00f3n de Ley.<\/p>\n<p style=\"text-align: justify;\">Una de esas v\u00edctimas de la impunidad,\u00a0 es el Dr. Luis Calandre Iba\u00f1ez, contra el que \u00a0se incumple la deficiente Ley de la memoria hist\u00f3rica.(2), en los siguientes\u00a0 apartados:<\/p>\n<p style=\"text-align: justify;\">\u00a0PRE\u00c1MBULO DE LA LEY\u00a0 52\/2007:<\/p>\n<p style=\"text-align: justify;\">\u201cHAY QUE\u00a0 HONRAR\u00a0 Y RECUPERAR AL CUERPO DE CARABINEROS\u201d<\/p>\n<p style=\"text-align: justify;\">El Dr. Calandre, eminente cardi\u00f3logo, formado en el ambiente de la Instituci\u00f3n Libre de Ense\u00f1anza\u00a0 (ILE),\u00a0 fue el creador (1910) y director (1910-31) del primer laboratorio de la Junta Para Ampliaci\u00f3n de Estudios (JAE) en la Residencia de Estudiantes, el de anatom\u00eda microsc\u00f3pica.<\/p>\n<p style=\"text-align: justify;\">Durante la Guerra de Espa\u00f1a, fue el director del Hospital de Carabineros que se situ\u00f3 en la Residencia de Estudiantes (1937-39), en donde se llev\u00f3 a cabo una importante labor, curando al 99% de los milicianos infectados de malaria (paludismo) en los frentes de Madrid. Por lo bien que cuid\u00f3 de la Residencia y sus jardines, fue nombrado\u00a0 por Tomas Navarro Tomas, subdelegado de la JAE\u00a0 en Madrid, en octubre de 1938.<\/p>\n<p style=\"text-align: justify;\">Luis Calandre, ya hab\u00eda tenido relaci\u00f3n con\u00a0 el paludismo, pues codirigi\u00f3 la \u00a0prestigiosa revista \u201cArchivos de Cardiolog\u00eda\u00a0 y Hematolog\u00eda \u201cjunto al malariologo , Dr Gustavo Pitalluga,\u00a0 desde 1920 a 1936.<\/p>\n<p style=\"text-align: justify;\">La Fundaci\u00f3n Residencia de Estudiantes, presidida por Felipe VI, viene haciendo exposiciones, cat\u00e1logos, libros y conferencias desde hace 30 a\u00f1os, con\u00a0 abundante financiaci\u00f3n p\u00fablica, y en ninguna\u00a0 se\u00a0 trata el tema de este ejemplar Hospital de Carabineros, ni de su refugio antia\u00e9reo , que fue construido por la II Rep\u00fablica, para proteger a los enfermos de las bombas nazifascistas que ca\u00edan.<\/p>\n<p style=\"text-align: justify;\">Y no ser\u00e1 por falta de pruebas, pues el \u00c1lbum Calandre que tienen en dicha Residencia , y que dio mi familia en custodia en el a\u00f1o 1990,\u00a0 aparecen\u00a0 numerosas fotos \u00a0del \u00a0Hospital , de las enfermeras (la mayor\u00eda alumnas del Instituto Escuela, como su hija Julia \u00a0), y los libritos de los Servicios Sanitarios de Carabineros, donde se explica c\u00f3mo fue la campa\u00f1a antipal\u00fadica, llegando incluso a publicar art\u00edculos cient\u00edficos de las sesiones cl\u00ednicas.<\/p>\n<p style=\"text-align: justify;\">El Hospital de Carabineros depend\u00edan del Ministerio de Hacienda,\u00a0 que ten\u00eda como ministro al Dr Juan Negr\u00edn, tambi\u00e9n perteneciente a la JAE,\u00a0 donde dirigi\u00f3 un importante laboratorio. Fue el propio Negrin , quien se interes\u00f3 en que se hiciera lo antes posible el bunker, que se retras\u00f3 debido a encontrar algunas dificultades t\u00e9cnicas por el tema de un arroyo subterr\u00e1neo de agua.<\/p>\n<p style=\"text-align: justify;\">En mi libro, \u201cEl Dr. Luis Calandre, de la JAE al exilio interior \u201c (3) explico con detalle y numerosas fotos y documentos sobre dicho Hospital de Carabineros.<\/p>\n<p style=\"text-align: justify;\">Posteriormente, en el a\u00f1o 2010 se ley\u00f3 en la Universidad de Murcia la Tesis\u00a0 que sobre el Dr. Calandre , hizo el Dr. Sebasti\u00e1n Raz , dirigida por el Dr. Pedro Marset ,\u00a0 \u201c Luis Calandre , vida y obra \u201c, donde\u00a0 se trata dicho tema (4) . En diez a\u00f1os , no hemos conseguido que pongan los responsables de la Fundaci\u00f3n Residencia (CSIC) , ni siquiera una placa que explique\u00a0 que la Residencia de Estudiantes fue un Hospital de Carabineros\u00a0 (1937-39), dirigido por el Dr Calandre y que debajo hay un bunker.<\/p>\n<p style=\"text-align: justify;\">En cambio s\u00ed que\u00a0 muestra el galard\u00f3n \u201csello patrimonio europeo \u201cque le fue indebidamente concedido en el a\u00f1o 2015\u00a0 por la Comisi\u00f3n europea, (5)a pesar de haber destruido un vestigio europeo de la GCE , como era el refugio antia\u00e9reo del Hospital de Carabineros y\u00a0\u00a0 ocultado\u00a0 su historia-.<\/p>\n<p style=\"text-align: justify;\">ARTICULO 15.1:<\/p>\n<p style=\"text-align: justify;\">\u201c ..SERAN RETIRADAS LAS PLACAS QUE EXALTEN A LA REPRESI\u00d3N FRANQUISTA\u2026\u201d<\/p>\n<p style=\"text-align: justify;\">Una calle en Madrid , en el barrio de Tetu\u00e1n ,\u00a0\u00a0 una Avenida en C\u00f3rdoba,\u00a0 Salamanca y algunas\u00a0 otras calles en Espa\u00f1a ,\u00a0 honran al\u00a0\u00a0 Conde de Vallellano ,\u00a0 Fernando \u00a0Suarez \u00a0de Tangil , grande de Espa\u00f1a.<\/p>\n<p style=\"text-align: justify;\">Tambi\u00e9n tiene \u00a0un retrato en el Ayuntamiento de Madrid,\u00a0 ya que fue su alcalde durante la Dictadura de Primo de Rivera.<\/p>\n<p style=\"text-align: justify;\">La Cruz Roja , como tantas otras instituciones , con la Guerra Civil espa\u00f1ola , se dividi\u00f3 en dos , una se mantuvo leal al gobierno leg\u00edtimo de la II Rep\u00fablica \u00a0y a su Constituci\u00f3n, y otra\u00a0\u00a0\u00a0 apoyo a los rebeldes franquistas que se alzaron en armas.<\/p>\n<p style=\"text-align: justify;\">El Conde de Vallellano\u00a0 fue nombrado por el Dictador Francisco Franco, presidente de la Cruz Roja franquista\u00a0 desde Burgos.<\/p>\n<p style=\"text-align: justify;\">Mientras la Cruz Roja republicana tuvo de presidente a\u00a0 Aurelio Romero.<\/p>\n<p style=\"text-align: justify;\">Pero ser\u00e1 despu\u00e9s de la guerra, con la Victoria,\u00a0 cuando el \u00a0Conde\u00a0 se ensa\u00f1ara con el Dr Calandre Iba\u00f1ez, a trav\u00e9s de la delaci\u00f3n.<\/p>\n<p style=\"text-align: justify;\">Todo gira alrededor de una carta que Luis Calandre , escribi\u00f3\u00a0 en agosto de 1936 ,\u00a0 con membrete de su casa , Castellana 30 , al presidente de la CR , Aurelio Romero , \u00a0donde explica que \u00e9l se mantiene leal a la\u00a0 Republica y que en\u00a0 una carta colectiva de\u00a0 dimisi\u00f3n\u00a0 sus compa\u00f1eros m\u00e9dicos\u00a0\u00a0 le han incluido\u00a0 sin su permiso , por lo que\u00a0 solicita que\u00a0 sea retirado su nombre de dicha lista.\u00a0 Quedando muy claro que \u00e9l\u00a0 defiende la legalidad republicana., que es un \u201crepublicano de antes de la Republica\u201d<\/p>\n<p style=\"text-align: justify;\">El Conde de Vallellano , envi\u00f3 luego esta carta(que estaba en los archivos de la Cruz Roja ) a los tribunales militares, de responsabilidades pol\u00edticas y Colegio de m\u00e9dicos , que fue utilizada para condenar a Calandre a prisi\u00f3n , multa y depuraci\u00f3n profesional.<\/p>\n<p style=\"text-align: justify;\">Toda esta historia de\u00a0 represi\u00f3n\u00a0 , la explico con detalle\u00a0 en mi libro : \u201cEl Dr Calandre , de la JAE al exilio interior \u201c (2008), y en varias comunicaciones presentadas\u00a0 y publicadas en las actas a\u00a0 los\u00a0 Congresos,\u00a0 como el de V\u00edctimas del Franquismo , (6)organizado en Madrid\u00a0 por el foro por la memoria (2010), el\u00a0 Congreso\u00a0 Internacional organizado por la Universitat Autonoma de Barcelona \u2013 Cefid \u2013 Memorial Democratic (2011)\u00a0 (7)\u201cEspai urbano , ciudadan\u00eda y memoria \u201c, y el Congreso internacional organizado por la Universitat \u00a0Roviri y Virgili de Tarragona (2016):80 aniversario de la GCE\u201d .<\/p>\n<p style=\"text-align: justify;\">Hace unos a\u00f1os, me anime a solicitar la anulaci\u00f3n de los Consejos de Guerra sumar\u00edsimos\u00a0 contra el Dr Calandre, pues entend\u00eda que hab\u00eda sido\u00a0 condenado dos veces por el mismo delito.<\/p>\n<p style=\"text-align: justify;\">La sala de lo militar del Tribunal Supremo,\u00a0 no lo acepto a tr\u00e1mite, como paso con las anteriores solicitudes de anulaci\u00f3n, en base a la Ley de la memoria (8).<\/p>\n<p style=\"text-align: justify;\">Por lo cual, mi abuelo, la v\u00edctima, sigue siendo considerado un delincuente, por auxilio a la Rebeli\u00f3n., y el Conde de Vallellano, su verdugo,\u00a0 un h\u00e9roe, que tiene\u00a0 numerosas calles a su nombre.\u00a0 Este es el resultado de la Ley de la memoria hist\u00f3rica., la legalidad al rev\u00e9s.<\/p>\n<p style=\"text-align: justify;\">Aunque he solicitado al Ayuntamiento de Madrid, que retire esa placa del Conde, en base al nuevo callejero que est\u00e1 elaborando, por ahora, y han pasado dos a\u00f1os, no he tenido respuesta.<\/p>\n<p style=\"text-align: justify;\">ARTICULO 15.3<\/p>\n<p style=\"text-align: justify;\">\u201c\u2026LOS EJECUTIVOS COLABORARAN CON LAS COMUNIDADES AUT\u00d3NOMAS Y LAS ENTIDADES LOCALES EN UN CATALOGO DE VESTIGIOS DE LA GUERRA CIVIL\u2026\u201d<\/p>\n<p style=\"text-align: justify;\">\u00a0La Comunidad Aut\u00f3noma de Madrid,\u00a0 aprob\u00f3 en el a\u00f1o 2013 la Ley de patrimonio \u2013 hist\u00f3rico 3\/2013\u00a0 (\u00a0 9)\u00a0 que protege a las fortificaciones de la GCE , como ser\u00eda el caso del bunker del Hospital de Carabineros.<\/p>\n<p style=\"text-align: justify;\">Han pasado\u00a0 4 a\u00f1os y\u00a0 todav\u00eda no ha elaborado ni el inventario ni el cat\u00e1logo de\u00a0 esos vestigios arqueol\u00f3gicos de la II Rep\u00fablica. \u00a0Muchas otras comunidades aut\u00f3nomas, como la catalana,(Memorial Democratic ) la de Valencia, la de Murcia , etc, tienen ya esos cat\u00e1logos, inclusos colgados en sus webs.<\/p>\n<p style=\"text-align: justify;\">Ante mis protestas , tanto a la Comisi\u00f3n de Peticiones del\u00a0 Congreso de los Diputados , como al Defensor del Pueblo , tuve una carta de la Presidenta de la CAM, en junio del 2017,\u00a0 Cristina Cifuentes, dici\u00e9ndome que\u00a0 tomaba nota, pero que :<\/p>\n<p style=\"text-align: justify;\">\u00a0\u201c\u2026al d\u00eda de hoy no se tiene conocimiento de la existencia de dicho refugio debajo de la Residencia de Estudiantes\u2026\u201d por lo que no se puede inventariar, catalogar y proteger.<\/p>\n<p style=\"text-align: justify;\">En resumen,\u00a0 la Ley de la memoria hist\u00f3rica no cumple con el Dr Calandre, ni tiene visos de hacerlo, a corto plazo.<\/p>\n<p style=\"text-align: justify;\">En cambio , si he tenido un \u00a0mejor resultado\u00a0 con el Memorial Democr\u00e0tic de la Generalitat de Catalunya , que hace unos a\u00f1os , puso en su web el video \u201cCamins&#8221;,\u00a0 con\u00a0 fines pedag\u00f3gicos, y en donde se\u00a0 trata la historia de mi familia jud\u00eda\u00a0 polaca\u00a0 materna , los Hoenigsfeld, y de c\u00f3mo pudieron huir del Holocausto ,gracias a poder\u00a0 cumplir con una cruel normativa antisemita de paso de fronteras , de 11 de mayo de 1939,\u00a0 que requer\u00eda de avales franquistas. Tambi\u00e9n se explica que tuvieron que convertirse antes al catolicismo, en la capilla espa\u00f1ola en Paris (10).<\/p>\n<p style=\"text-align: justify;\">El resto de su familia, fueron exterminados en la Shoah.<\/p>\n<hr \/>\n<p style=\"text-align: justify;\">NOTAS<\/p>\n<p style=\"text-align: justify;\">(1) http:\/\/www.congreso.es\/public_oficiales\/L12\/CONG\/BOCG\/B\/BOCG-12-B-153-1.PDF#page=1<\/p>\n<p style=\"text-align: justify;\">(1)-\u00a0 <a href=\"http:\/\/portaldogc.gencat.cat\/utilsEADOP\/PDF\/7406\/1623564.pdf\">http:\/\/portaldogc.gencat.cat\/utilsEADOP\/PDF\/7406\/1623564.pdf<\/a><\/p>\n<p style=\"text-align: justify;\">(2)- <a href=\"http:\/\/www.boe.es\/boe\/dias\/2007\/12\/27\/pdfs\/A53410-53416.pdf\">http:\/\/www.boe.es\/boe\/dias\/2007\/12\/27\/pdfs\/A53410-53416.pdf<\/a><\/p>\n<p style=\"text-align: justify;\">(3)-<a href=\"http:\/\/www.madrimasd.org\/cultura-cientifica\/ciencia-cultura\/ensayo\/doctor-luis-calandre-ibanez-junta-ampliacion-estudios\">http:\/\/www.madrimasd.org\/cultura-cientifica\/ciencia-cultura\/ensayo\/doctor-luis-calandre-ibanez-junta-ampliacion-estudios<\/a><\/p>\n<p style=\"text-align: justify;\"><a href=\"http:\/\/www.madrimasd.org\/cultura-cientifica\/ciencia-patrimonio\/personajes\/luis-calandre-ibanez-cartagena-1890-madrid-1961\">http:\/\/www.madrimasd.org\/cultura-cientifica\/ciencia-patrimonio\/personajes\/luis-calandre-ibanez-cartagena-1890-madrid-1961<\/a><\/p>\n<p style=\"text-align: justify;\">(4)- <a href=\"http:\/\/www.tesisenred.net\/handle\/10803\/10743\">http:\/\/www.tesisenred.net\/handle\/10803\/10743<\/a><\/p>\n<p style=\"text-align: justify;\"><a href=\"https:\/\/books.google.es\/books?id=SotQDsCNTHoC&amp;pg=PA114&amp;lpg=PA114&amp;dq=dr+luis+calandre+tesis&amp;source=bl&amp;ots=t0JtHCPExR&amp;sig=BsVF3xK7uBCzStvnJm8IhwaIMR\">https:\/\/books.google.es\/books?id=SotQDsCNTHoC&amp;pg=PA114&amp;lpg=PA114&amp;dq=dr+luis+calandre+tesis&amp;source=bl&amp;ots=t0JtHCPExR&amp;sig=BsVF3xK7uBCzStvnJm8IhwaIMR<\/a><\/p>\n<p style=\"text-align: justify;\">(5) <a href=\"http:\/\/www.residencia.csic.es\/pres\/noticia.htm\">http:\/\/www.residencia.csic.es\/pres\/noticia.htm<\/a><\/p>\n<p style=\"text-align: justify;\">(6)- <a href=\"http:\/\/www.congresovictimasfranquismo.org\/wp-content\/uploads\/2011\/12\/5.-Cristina-Calandre.-Depuraci%C3%B3n-del-doctor-Calandre-.pdf\">http:\/\/www.congresovictimasfranquismo.org\/wp-content\/uploads\/2011\/12\/5.-Cristina-Calandre.-Depuraci%C3%B3n-del-doctor-Calandre-.pdf<\/a><\/p>\n<p style=\"text-align: justify;\">(7)-\u00a0<a href=\"http:\/\/www.madrimasd.org\/cienciaysociedad\/patrimonio\/personajes\/Calandre_congreso_cefid.pdf\">http:\/\/www.madrimasd.org\/cienciaysociedad\/patrimonio\/personajes\/Calandre_congreso_cefid.pdf<\/a><\/p>\n<p style=\"text-align: justify;\">(8)-\u00a0<a href=\"http:\/\/www.foroporlamemoria.info\/wp-content\/uploads\/2012\/06\/Calandre-TS-auto-30-3-12.pdf\">http:\/\/www.foroporlamemoria.info\/wp-content\/uploads\/2012\/06\/Calandre-TS-auto-30-3-12.pdf<\/a><\/p>\n<p style=\"text-align: justify;\">(9)-\u00a0\u00a0<a href=\"https:\/\/www.boe.es\/buscar\/pdf\/2013\/BOE-A-2013-10725-consolidado.pdf\">https:\/\/www.boe.es\/buscar\/pdf\/2013\/BOE-A-2013-10725-consolidado.pdf<\/a><\/p>\n<p style=\"text-align: justify;\">(10)-\u00a0<a href=\"http:\/\/memorialdemocratic.gencat.cat\/ca\/publicacions\/QDMD_03.-Camins\">http:\/\/memorialdemocratic.gencat.cat\/ca\/publicacions\/QDMD_03.-Camins<\/a><\/p>\n<p style=\"text-align: justify;\">\u00a0<a href=\"http:\/\/memorialdemocratic.gencat.cat\/web\/.content\/06_publicacions\/documents\/QDMD_03_Camins_web.pdf\">http:\/\/memorialdemocratic.gencat.cat\/web\/.content\/06_publicacions\/documents\/QDMD_03_Camins_web.pdf<\/a><\/p>\n","protected":false},"excerpt":{"rendered":"<p>Cristina Calandre Desde que se aprobara la conocida como Ley de la Memoria Hist\u00f3rica (Ley 52\/2007\/\u00a0 de 26 de diciembre), han sido varios los intentos de modificarla o mejorarla, debido a sus manifiestas\u00a0 deficiencias. Haciendo un breve resumen podemos enumerar: Abril del 2008: Proposici\u00f3n de Ley\u00a0 de reconocimiento de todas las v\u00edctimas de la dictadura &#8230;<\/p>\n","protected":false},"author":4,"featured_media":0,"comment_status":"open","ping_status":"open","sticky":false,"template":"","format":"standard","meta":{"_monsterinsights_skip_tracking":false,"_monsterinsights_sitenote_active":false,"_monsterinsights_sitenote_note":"","_monsterinsights_sitenote_category":0,"_uf_show_specific_survey":0,"_uf_disable_surveys":false,"footnotes":""},"categories":[1],"tags":[],"class_list":["post-502","post","type-post","status-publish","format-standard","hentry","category-axis-1-laws-and-the-past"],"aioseo_notices":[],"_links":{"self":[{"href":"https:\/\/europeanmemories.net\/frog\/wp-json\/wp\/v2\/posts\/502","targetHints":{"allow":["GET"]}}],"collection":[{"href":"https:\/\/europeanmemories.net\/frog\/wp-json\/wp\/v2\/posts"}],"about":[{"href":"https:\/\/europeanmemories.net\/frog\/wp-json\/wp\/v2\/types\/post"}],"author":[{"embeddable":true,"href":"https:\/\/europeanmemories.net\/frog\/wp-json\/wp\/v2\/users\/4"}],"replies":[{"embeddable":true,"href":"https:\/\/europeanmemories.net\/frog\/wp-json\/wp\/v2\/comments?post=502"}],"version-history":[{"count":2,"href":"https:\/\/europeanmemories.net\/frog\/wp-json\/wp\/v2\/posts\/502\/revisions"}],"predecessor-version":[{"id":504,"href":"https:\/\/europeanmemories.net\/frog\/wp-json\/wp\/v2\/posts\/502\/revisions\/504"}],"wp:attachment":[{"href":"https:\/\/europeanmemories.net\/frog\/wp-json\/wp\/v2\/media?parent=502"}],"wp:term":[{"taxonomy":"category","embeddable":true,"href":"https:\/\/europeanmemories.net\/frog\/wp-json\/wp\/v2\/categories?post=502"},{"taxonomy":"post_tag","embeddable":true,"href":"https:\/\/europeanmemories.net\/frog\/wp-json\/wp\/v2\/tags?post=502"}],"curies":[{"name":"wp","href":"https:\/\/api.w.org\/{rel}","templated":true}]}}